{"id":86333,"date":"2026-02-09T08:54:32","date_gmt":"2026-02-09T05:54:32","guid":{"rendered":"https:\/\/www.egemtv.com\/?p=86333"},"modified":"2026-02-09T08:54:32","modified_gmt":"2026-02-09T05:54:32","slug":"aydinda-yagisli-hava-surecek-2","status":"publish","type":"post","link":"https:\/\/www.egemtv.com\/?p=86333","title":{"rendered":"Ayd\u0131n\u2019da ya\u011f\u0131\u015fl\u0131 hava s\u00fcrecek"},"content":{"rendered":"<p>Ayd\u0131n\u2019da bir haftadan bu yana devam eden ya\u011f\u0131\u015fl\u0131 hava bu hafta da yerel olarak etkili olacak.<br \/>\n<br \/>Ayd\u0131n\u2019da ya\u011f\u0131\u015fl\u0131 hava etkisini hafta boyunca s\u00fcrd\u00fcrecek. Bug\u00fcn ak\u015fam saatlerinden itibaren yerel olarak etkili olmas\u0131 beklenen ya\u011f\u0131\u015fl\u0131 hava il genelinde kendini g\u00f6sterecek. Ayd\u0131n\u2019da bug\u00fcn havan\u0131n \u00e7ok bulutlu, do\u011fusu d\u0131\u015f\u0131nda il geneli sa\u011fanak ya\u011f\u0131\u015fl\u0131, Sal\u0131 \u00e7ok bulutlu, yerel k\u0131sa s\u00fcreli kuvvetli olmak \u00fczere sa\u011fanak ya\u011f\u0131\u015fl\u0131, \u00c7ar\u015famba \u00e7ok bulutlu, yerel sa\u011fanak ya\u011f\u0131\u015fl\u0131, Per\u015fembe ve Cuma \u00e7ok bulutlu, yerel kuvvetli olmak \u00fczere il geneli sa\u011fanak ve g\u00f6k g\u00fcr\u00fclt\u00fcl\u00fc sa\u011fanak ya\u011f\u0131\u015fl\u0131 olmas\u0131 bekleniyor. Hava s\u0131cakl\u0131klar\u0131n\u0131n ise 16-17 derece civar\u0131nda seyredece\u011fi tahmin ediliyor.<br \/><\/p>\n","protected":false},"excerpt":{"rendered":"<p>Ayd\u0131n\u2019da bir haftadan bu yana devam eden ya\u011f\u0131\u015fl\u0131 hava bu hafta da yerel olarak etkili olacak. Ayd\u0131n\u2019da ya\u011f\u0131\u015fl\u0131 hava etkisini hafta boyunca s\u00fcrd\u00fcrecek. Bug\u00fcn ak\u015fam saatlerinden itibaren yerel olarak etkili olmas\u0131 beklenen ya\u011f\u0131\u015fl\u0131 hava il genelinde kendini g\u00f6sterecek. Ayd\u0131n\u2019da bug\u00fcn havan\u0131n \u00e7ok bulutlu, do\u011fusu d\u0131\u015f\u0131nda il geneli sa\u011fanak ya\u011f\u0131\u015fl\u0131, Sal\u0131 \u00e7ok bulutlu, yerel k\u0131sa s\u00fcreli&#8230;<\/p>\n","protected":false},"author":1,"featured_media":86334,"comment_status":"open","ping_status":"open","sticky":false,"template":"","format":"standard","meta":{"_crdt_document":"","footnotes":""},"categories":[1],"tags":[],"class_list":["post-86333","post","type-post","status-publish","format-standard","has-post-thumbnail","hentry","category-guncel"],"_links":{"self":[{"href":"https:\/\/www.egemtv.com\/index.php?rest_route=\/wp\/v2\/posts\/86333","targetHints":{"allow":["GET"]}}],"collection":[{"href":"https:\/\/www.egemtv.com\/index.php?rest_route=\/wp\/v2\/posts"}],"about":[{"href":"https:\/\/www.egemtv.com\/index.php?rest_route=\/wp\/v2\/types\/post"}],"author":[{"embeddable":true,"href":"https:\/\/www.egemtv.com\/index.php?rest_route=\/wp\/v2\/users\/1"}],"replies":[{"embeddable":true,"href":"https:\/\/www.egemtv.com\/index.php?rest_route=%2Fwp%2Fv2%2Fcomments&post=86333"}],"version-history":[{"count":1,"href":"https:\/\/www.egemtv.com\/index.php?rest_route=\/wp\/v2\/posts\/86333\/revisions"}],"predecessor-version":[{"id":86335,"href":"https:\/\/www.egemtv.com\/index.php?rest_route=\/wp\/v2\/posts\/86333\/revisions\/86335"}],"wp:featuredmedia":[{"embeddable":true,"href":"https:\/\/www.egemtv.com\/index.php?rest_route=\/wp\/v2\/media\/86334"}],"wp:attachment":[{"href":"https:\/\/www.egemtv.com\/index.php?rest_route=%2Fwp%2Fv2%2Fmedia&parent=86333"}],"wp:term":[{"taxonomy":"category","embeddable":true,"href":"https:\/\/www.egemtv.com\/index.php?rest_route=%2Fwp%2Fv2%2Fcategories&post=86333"},{"taxonomy":"post_tag","embeddable":true,"href":"https:\/\/www.egemtv.com\/index.php?rest_route=%2Fwp%2Fv2%2Ftags&post=86333"}],"curies":[{"name":"wp","href":"https:\/\/api.w.org\/{rel}","templated":true}]}}