{"id":86324,"date":"2026-02-08T21:34:36","date_gmt":"2026-02-08T18:34:36","guid":{"rendered":"https:\/\/www.egemtv.com\/?p=86324"},"modified":"2026-02-08T21:34:36","modified_gmt":"2026-02-08T18:34:36","slug":"manisa-fk-boluspor-macinin-ardindan-2","status":"publish","type":"post","link":"https:\/\/www.egemtv.com\/?p=86324","title":{"rendered":"Manisa FK &#8211; Boluspor ma\u00e7\u0131n\u0131n ard\u0131ndan"},"content":{"rendered":"<p>Trendyol 1. Lig\u2019in 24. hafta kar\u015f\u0131la\u015fmas\u0131nda Manisa FK-Boluspor ma\u00e7\u0131n\u0131n ard\u0131ndan iki tak\u0131m\u0131n teknik direkt\u00f6rleri bas\u0131n toplant\u0131s\u0131nda a\u00e7\u0131klamalarda bulundu.<br \/>\n<br \/>Trendyol 1. Lig\u2019in 24. haftas\u0131nda Manisa FK, sahas\u0131nda konuk etti\u011fi Boluspor\u2019u 4-1 ma\u011flup etti. Ma\u00e7\u0131n ard\u0131ndan bas\u0131n toplant\u0131s\u0131nda konu\u015fan Manisa FK Teknik Direkt\u00f6r\u00fc Mustafa Dalc\u0131, &#8220;\u00c7ok yorgunuz. \u00c7\u00fcnk\u00fc haftalard\u0131r her ma\u00e7\u0131m\u0131z b\u00fcy\u00fck final. Bug\u00fcn de ger\u00e7ekten bir final ma\u00e7\u0131m\u0131z vard\u0131. Bizim nereye oynayaca\u011f\u0131m\u0131z\u0131 belirleyecek bir ma\u00e7t\u0131. Kaybetsek a\u015fa\u011f\u0131larda m\u00fccadelemizi yapaca\u011f\u0131m\u0131z gibi duran bir ma\u00e7. Kazand\u0131\u011f\u0131m\u0131zda da ba\u015fka \u015feyleri d\u00fc\u015f\u00fcnece\u011fimiz bir ma\u00e7t\u0131. Sonu\u00e7 itibariyle ma\u00e7\u0131n ba\u015f\u0131ndan sonuna kadar ger\u00e7ekten kazanan ve bu skoru hak eden bir oyun ve tak\u0131m vard\u0131. Haftalard\u0131r bir \u00e7\u0131k\u0131\u015f\u0131m\u0131z vard\u0131. Bunu devam ettirmek \u00e7ok \u00f6nemliydi. \u00c7\u00fcnk\u00fc her iyi yapt\u0131\u011f\u0131n i\u015ften sonra hedef olarak rakiplere daha b\u00fcy\u00fck g\u00f6r\u00fcn\u00fcyorsun ve sana daha ciddi haz\u0131rlan\u0131yorlar. Dolay\u0131s\u0131yla her hafta i\u015fin biraz daha zorla\u015f\u0131yor. Ama g\u00fczel olan zoru ba\u015farmak. Oyuncular\u0131m haftalard\u0131r zoru ba\u015far\u0131yor. Onlar\u0131 buradan y\u00fcrekten kutluyorum. Elimizden gelen her \u015feyi yapaca\u011f\u0131z. Bakal\u0131m bu m\u00fccadele ve bu g\u00fczel oyun bizi nereye g\u00f6t\u00fcr\u00fcr ama biz oynamaya, geli\u015fmeye, geli\u015ftirmeye devam edece\u011fiz&#8221; dedi.<\/p>\n<p>Boluspor cephesi<br \/>\n<br \/>Ma\u00e7\u0131n zorluk derecesini bilerek sahaya \u00e7\u0131kt\u0131klar\u0131n\u0131 belirten Boluspor Teknik Direkt\u00f6r\u00fc Erdal G\u00fcne\u015f ise, &#8220;Rakibin bize sadece ge\u00e7i\u015ften pozisyon bulaca\u011f\u0131yla alakal\u0131 analizlerimizi yapm\u0131\u015ft\u0131k. Nitekim bug\u00fcn de maalesef ge\u00e7i\u015fin d\u0131\u015f\u0131nda pozisyon olmad\u0131. Tabii tak\u0131m\u0131n ge\u00e7mi\u015ften gelen maalesef baz\u0131 al\u0131\u015fkanl\u0131klar\u0131 var. Onu k\u0131rma ad\u0131na \u00e7ok mesai harc\u0131yoruz ama i\u015fte 7 ayd\u0131r al\u0131\u015fkanl\u0131klar halinde gelen baz\u0131 \u015feyleri de\u011fi\u015ftirmek a\u00e7\u0131k\u00e7as\u0131 kolay olmuyor. Ama tabii ki her ma\u011flubiyet bizim i\u00e7in bir ders. Biz kendi yay\u0131yla kavrulan kendi imkanlar\u0131yla var olmaya \u00e7al\u0131\u015fan bir kul\u00fcb\u00fcz. Play-off\u2019un i\u00e7inde olmaya \u00e7al\u0131\u015f\u0131yoruz. Bug\u00fcnk\u00fc ma\u00e7 kritik ma\u00e7t\u0131 bizim i\u00e7in ama daha hala \u00e7ok ma\u00e7\u0131m\u0131z var. Dedi\u011fim gibi bu ma\u00e7tan gereken dersleri \u00e7\u0131karaca\u011f\u0131z. Neleri do\u011fru yapt\u0131k, neleri yanl\u0131\u015f yapt\u0131k, oradan kazan\u0131mlar\u0131m\u0131z\u0131 \u00e7\u0131kart\u0131p art\u0131k hafta i\u00e7inde oynayaca\u011f\u0131m\u0131z Hatay ma\u00e7\u0131na daha farkl\u0131 \u015fekilde daha konsantre daha haz\u0131r ve ma\u00e7\u0131 kazanmak i\u00e7in her \u015feyini veren bir tak\u0131m haline tekrar b\u00fcr\u00fcnmemiz gerekiyor. Son olarak da umar\u0131m ma\u00e7\u0131n hakemi Muhammed hoca hayat\u0131n\u0131n b\u00fct\u00fcn b\u00f6l\u00fcm\u00fcnde bu kadar kararl\u0131d\u0131r. Penalt\u0131 pozisyonunda VAR \u00e7a\u011f\u0131r\u0131yor. 3 tane VAR hakemi ekran\u0131n ba\u015f\u0131nda \u00e7evirip \u00e7evirip bak\u0131yorlar ki karar\u0131n yanl\u0131\u015f oldu\u011funu s\u00f6yl\u00fcyorlar ama ona ra\u011fmen kararl\u0131 duru\u015f g\u00f6sterdi. Tebrik ediyorum kendisini. \u0130n\u015fallah hayat\u0131 boyunca b\u00fct\u00fcn kararlar\u0131nda bu kadar kesindir. Bizim lehimize \u00e7ald\u0131\u011f\u0131 her pozisyon bizim aleyhimize oldu. Tabii skordan ba\u011f\u0131ms\u0131z konu\u015fuyorum. Manisa FK\u2019y\u0131 tebrik ediyorum&#8221; diye konu\u015ftu.<br \/><\/p>\n","protected":false},"excerpt":{"rendered":"<p>Trendyol 1. Lig\u2019in 24. hafta kar\u015f\u0131la\u015fmas\u0131nda Manisa FK-Boluspor ma\u00e7\u0131n\u0131n ard\u0131ndan iki tak\u0131m\u0131n teknik direkt\u00f6rleri bas\u0131n toplant\u0131s\u0131nda a\u00e7\u0131klamalarda bulundu. Trendyol 1. Lig\u2019in 24. haftas\u0131nda Manisa FK, sahas\u0131nda konuk etti\u011fi Boluspor\u2019u 4-1 ma\u011flup etti. Ma\u00e7\u0131n ard\u0131ndan bas\u0131n toplant\u0131s\u0131nda konu\u015fan Manisa FK Teknik Direkt\u00f6r\u00fc Mustafa Dalc\u0131, &#8220;\u00c7ok yorgunuz. \u00c7\u00fcnk\u00fc haftalard\u0131r her ma\u00e7\u0131m\u0131z b\u00fcy\u00fck final. Bug\u00fcn de ger\u00e7ekten bir&#8230;<\/p>\n","protected":false},"author":1,"featured_media":86325,"comment_status":"open","ping_status":"open","sticky":false,"template":"","format":"standard","meta":{"_crdt_document":"","footnotes":""},"categories":[4],"tags":[],"class_list":["post-86324","post","type-post","status-publish","format-standard","has-post-thumbnail","hentry","category-spor"],"_links":{"self":[{"href":"https:\/\/www.egemtv.com\/index.php?rest_route=\/wp\/v2\/posts\/86324","targetHints":{"allow":["GET"]}}],"collection":[{"href":"https:\/\/www.egemtv.com\/index.php?rest_route=\/wp\/v2\/posts"}],"about":[{"href":"https:\/\/www.egemtv.com\/index.php?rest_route=\/wp\/v2\/types\/post"}],"author":[{"embeddable":true,"href":"https:\/\/www.egemtv.com\/index.php?rest_route=\/wp\/v2\/users\/1"}],"replies":[{"embeddable":true,"href":"https:\/\/www.egemtv.com\/index.php?rest_route=%2Fwp%2Fv2%2Fcomments&post=86324"}],"version-history":[{"count":1,"href":"https:\/\/www.egemtv.com\/index.php?rest_route=\/wp\/v2\/posts\/86324\/revisions"}],"predecessor-version":[{"id":86326,"href":"https:\/\/www.egemtv.com\/index.php?rest_route=\/wp\/v2\/posts\/86324\/revisions\/86326"}],"wp:featuredmedia":[{"embeddable":true,"href":"https:\/\/www.egemtv.com\/index.php?rest_route=\/wp\/v2\/media\/86325"}],"wp:attachment":[{"href":"https:\/\/www.egemtv.com\/index.php?rest_route=%2Fwp%2Fv2%2Fmedia&parent=86324"}],"wp:term":[{"taxonomy":"category","embeddable":true,"href":"https:\/\/www.egemtv.com\/index.php?rest_route=%2Fwp%2Fv2%2Fcategories&post=86324"},{"taxonomy":"post_tag","embeddable":true,"href":"https:\/\/www.egemtv.com\/index.php?rest_route=%2Fwp%2Fv2%2Ftags&post=86324"}],"curies":[{"name":"wp","href":"https:\/\/api.w.org\/{rel}","templated":true}]}}