{"id":86318,"date":"2026-02-08T20:54:46","date_gmt":"2026-02-08T17:54:46","guid":{"rendered":"https:\/\/www.egemtv.com\/?p=86318"},"modified":"2026-02-08T20:54:47","modified_gmt":"2026-02-08T17:54:47","slug":"armada-praxis-yalikavak-spor-kulubunden-guclu-kapanis","status":"publish","type":"post","link":"https:\/\/www.egemtv.com\/?p=86318","title":{"rendered":"Armada Praxis Yal\u0131kavak Spor Kul\u00fcb\u00fc\u2019nden g\u00fc\u00e7l\u00fc kapan\u0131\u015f"},"content":{"rendered":"<p>THF Kad\u0131nlar S\u00fcper Ligi\u2019nin son haftas\u0131nda G\u00f6ztepe\u2019yi konuk eden Armada Praxis Yal\u0131kavak Spor Kul\u00fcb\u00fc, parkeden 36-22\u2019lik net bir galibiyetle ayr\u0131ld\u0131. Bu sonu\u00e7la Bodrum temsilcisi, play-offlara kalmay\u0131 garantiledi.<\/p>\n<p>Bodrum Binnaz Karakaya Spor Salonu\u2019nda oynanan kar\u015f\u0131la\u015fmada ba\u015ftan sona \u00fcst\u00fcn bir oyun sergileyen Yal\u0131kavak, hem h\u00fccum hem savunma performans\u0131yla be\u011feni toplad\u0131. Kar\u015f\u0131la\u015fman\u0131n ilk devresini 18-10 \u00f6nde tamamlayan Armada Praxis Yal\u0131kavak Spor Kul\u00fcb\u00fc, ikinci yar\u0131da da temposunu d\u00fc\u015f\u00fcrmedi. Ma\u00e7 boyunca disiplinli savunma anlay\u0131\u015f\u0131 ve h\u0131zl\u0131 h\u00fccum organizasyonlar\u0131yla fark\u0131 a\u00e7an Bodrum ekibi, sezonun en kritik ma\u00e7lar\u0131ndan birinde sahaya a\u011f\u0131rl\u0131\u011f\u0131n\u0131 koydu.<\/p>\n<p>Ligin son haftas\u0131nda al\u0131nan bu galibiyet \u00f6ncesinde play-offlara do\u011frudan kat\u0131lma hakk\u0131 elde etmi\u015f olan Yal\u0131kavakspor, THF Kad\u0131nlar S\u00fcper Ligi\u2019nde sezon boyunca ortaya koydu\u011fu istikrarl\u0131 performans ile hedeflerine ula\u015ft\u0131\u011f\u0131n\u0131 bir kez daha g\u00f6sterdi.<\/p>\n<p>Armada Praxis Yal\u0131kavak Spor Kul\u00fcb\u00fc, G\u00f6ztepe kar\u015f\u0131s\u0131nda h\u00fccumda geni\u015f bir skor da\u011f\u0131l\u0131m\u0131 yakalayarak galibiyete ula\u015ft\u0131. M\u00fccadelede Beyza Gedik ve G\u00fclcan T\u00fcgel\u2019in 10\u2019ar goll\u00fck performans\u0131 h\u00fccumun omurgas\u0131n\u0131 olu\u015ftururken, Edanur Burhan ve Ceylan Aydemir 5\u2019er golle skora \u00f6nemli katk\u0131 sa\u011flad\u0131. Kalecilerin performans\u0131 da galibiyete katk\u0131 sa\u011flad\u0131.<\/p>\n<p>Ba\u015f Antren\u00f6r K\u0131van\u00e7 \u00d6zcan: &#8220;Tak\u0131m\u0131m sahada karakter koydu&#8221;<br \/>\n<br \/>Kar\u015f\u0131la\u015fma sonras\u0131 de\u011ferlendirmede bulunan Ba\u015f Antren\u00f6r K\u0131van\u00e7 \u00d6zcan, \u015fu ifadeleri kulland\u0131:<br \/>\n<br \/>&#8220;Oyuncular\u0131m sezon boyunca b\u00fcy\u00fck bir \u00f6zveriyle m\u00fccadele etti. Ligin son haftas\u0131nda, bu kadar net bir galibiyet almak tak\u0131m\u0131n g\u00fcc\u00fcn\u00fc g\u00f6steriyor. \u015eimdi hedefimiz, play-off s\u00fcrecine en iyi \u015fekilde haz\u0131rlanmak.&#8221;<\/p>\n<p>Hentbol \u015eube Sorumlusu Hayrullah Kayacan: &#8220;Bu ba\u015far\u0131 tesad\u00fcf de\u011fil&#8221;<br \/>\n<br \/>Kul\u00fcb\u00fcn Hentbol \u015eube Sorumlusu Hayrullah Kayacan ise sezonun genel tablosuna dikkat \u00e7ekti:<br \/>\n<br \/>&#8220;Bu ba\u015far\u0131 uzun vadeli planlaman\u0131n ve do\u011fru kadro yap\u0131lanmas\u0131n\u0131n sonucudur. Teknik ekibimiz, sporcular\u0131m\u0131z ve kul\u00fcp \u00e7al\u0131\u015fanlar\u0131m\u0131z b\u00fcy\u00fck bir uyum i\u00e7inde \u00e7al\u0131\u015ft\u0131. Play-offlarda Bodrum\u2019u en iyi \u015fekilde temsil edece\u011fimize inan\u0131yoruz.&#8221;<\/p>\n<p>Ba\u015fkan Emin Palal\u0131: &#8220;Yal\u0131kavak bir hentbol markas\u0131d\u0131r&#8221;<br \/>\n<br \/>Kul\u00fcp Ba\u015fkan\u0131 Emin Palal\u0131 da galibiyetin ard\u0131ndan yapt\u0131\u011f\u0131 a\u00e7\u0131klamada \u015fu mesaj\u0131 verdi:<br \/>\n<br \/>&#8220;Armada Praxis Yal\u0131kavak Spor Kul\u00fcb\u00fc art\u0131k T\u00fcrkiye\u2019de kad\u0131n hentbolunun \u00f6nemli markalar\u0131ndan biridir. Taraftar\u0131m\u0131za, sporcular\u0131m\u0131za ve eme\u011fi ge\u00e7en herkese te\u015fekk\u00fcr ediyorum.&#8221;<\/p>\n<p>Armada Praxis Yal\u0131kavak Spor Kul\u00fcb\u00fc, play-off etab\u0131nda da hedefini zirve olarak belirlerken, Bodrum hentbolunu T\u00fcrkiye\u2019nin en \u00fcst seviyesinde temsil etmeye devam edecek.<br \/><\/p>\n","protected":false},"excerpt":{"rendered":"<p>THF Kad\u0131nlar S\u00fcper Ligi\u2019nin son haftas\u0131nda G\u00f6ztepe\u2019yi konuk eden Armada Praxis Yal\u0131kavak Spor Kul\u00fcb\u00fc, parkeden 36-22\u2019lik net bir galibiyetle ayr\u0131ld\u0131. Bu sonu\u00e7la Bodrum temsilcisi, play-offlara kalmay\u0131 garantiledi. Bodrum Binnaz Karakaya Spor Salonu\u2019nda oynanan kar\u015f\u0131la\u015fmada ba\u015ftan sona \u00fcst\u00fcn bir oyun sergileyen Yal\u0131kavak, hem h\u00fccum hem savunma performans\u0131yla be\u011feni toplad\u0131. Kar\u015f\u0131la\u015fman\u0131n ilk devresini 18-10 \u00f6nde tamamlayan Armada&#8230;<\/p>\n","protected":false},"author":1,"featured_media":86319,"comment_status":"open","ping_status":"open","sticky":false,"template":"","format":"standard","meta":{"_crdt_document":"","footnotes":""},"categories":[4],"tags":[],"class_list":["post-86318","post","type-post","status-publish","format-standard","has-post-thumbnail","hentry","category-spor"],"_links":{"self":[{"href":"https:\/\/www.egemtv.com\/index.php?rest_route=\/wp\/v2\/posts\/86318","targetHints":{"allow":["GET"]}}],"collection":[{"href":"https:\/\/www.egemtv.com\/index.php?rest_route=\/wp\/v2\/posts"}],"about":[{"href":"https:\/\/www.egemtv.com\/index.php?rest_route=\/wp\/v2\/types\/post"}],"author":[{"embeddable":true,"href":"https:\/\/www.egemtv.com\/index.php?rest_route=\/wp\/v2\/users\/1"}],"replies":[{"embeddable":true,"href":"https:\/\/www.egemtv.com\/index.php?rest_route=%2Fwp%2Fv2%2Fcomments&post=86318"}],"version-history":[{"count":1,"href":"https:\/\/www.egemtv.com\/index.php?rest_route=\/wp\/v2\/posts\/86318\/revisions"}],"predecessor-version":[{"id":86320,"href":"https:\/\/www.egemtv.com\/index.php?rest_route=\/wp\/v2\/posts\/86318\/revisions\/86320"}],"wp:featuredmedia":[{"embeddable":true,"href":"https:\/\/www.egemtv.com\/index.php?rest_route=\/wp\/v2\/media\/86319"}],"wp:attachment":[{"href":"https:\/\/www.egemtv.com\/index.php?rest_route=%2Fwp%2Fv2%2Fmedia&parent=86318"}],"wp:term":[{"taxonomy":"category","embeddable":true,"href":"https:\/\/www.egemtv.com\/index.php?rest_route=%2Fwp%2Fv2%2Fcategories&post=86318"},{"taxonomy":"post_tag","embeddable":true,"href":"https:\/\/www.egemtv.com\/index.php?rest_route=%2Fwp%2Fv2%2Ftags&post=86318"}],"curies":[{"name":"wp","href":"https:\/\/api.w.org\/{rel}","templated":true}]}}