{"id":86315,"date":"2026-02-08T20:54:45","date_gmt":"2026-02-08T17:54:45","guid":{"rendered":"https:\/\/www.egemtv.com\/?p=86315"},"modified":"2026-02-08T20:54:46","modified_gmt":"2026-02-08T17:54:46","slug":"aydinda-yasli-cift-evlerinde-bicaklanarak-oldurulmus-halde-bulundu","status":"publish","type":"post","link":"https:\/\/www.egemtv.com\/?p=86315","title":{"rendered":"Ayd\u0131n\u2019da ya\u015fl\u0131 \u00e7ift evlerinde b\u0131\u00e7aklanarak \u00f6ld\u00fcr\u00fclm\u00fc\u015f halde bulundu"},"content":{"rendered":"<p>Ayd\u0131n\u2019\u0131n Efeler il\u00e7esinde 80 ya\u015f\u0131ndaki \u00e7ift, o\u011fullar\u0131 taraf\u0131ndan evde b\u0131\u00e7aklanarak \u00f6ld\u00fcr\u00fclm\u00fc\u015f olarak bulundu.<br \/>\n<br \/>Olay, Me\u015frutiyet Mahallesi K\u00fclt\u00fcr Caddesi \u00fczerindeki m\u00fcstakil dubleks bir evde saat 17.00 s\u0131ralar\u0131nda meydana geldi. Edinilen bilgiye g\u00f6re, doktor oldu\u011fu \u00f6\u011frenilen Ahmet \u00c7akalo\u011flu, bir s\u00fcredir haber alamad\u0131\u011f\u0131 anne ve babas\u0131n\u0131n ya\u015fad\u0131\u011f\u0131 eve gitti. Eve giren \u00c7akalo\u011flu, anne ve babas\u0131n\u0131 kanlar i\u00e7erisinde yerde yatarken buldu. 112 Acil \u00c7a\u011fr\u0131 Merkezi\u2019ne yap\u0131lan ihbar \u00fczerine adrese sa\u011fl\u0131k ve polis ekipleri sevk edildi. Olay yerine gelen sa\u011fl\u0131k ekipleri, Turgut (80) ve Nuran \u00c7akalo\u011flu\u2019nun (80) v\u00fccudunun \u00e7e\u015fitli yerlerinden ald\u0131klar\u0131 b\u0131\u00e7ak darbeleri sonucu hayatlar\u0131n\u0131 kaybetti\u011fini belirledi. \u00c7akalo\u011flu \u00e7iftinin cans\u0131z bedenleri, olay yerindeki incelemelerin ard\u0131ndan hastane morguna kald\u0131r\u0131ld\u0131.<\/p>\n<p>Gece evden kavga sesleri gelmi\u015f<br \/>\n<br \/>Kom\u015fular\u0131n\u0131n gece saatlerinde evden kavga sesleri duyduklar\u0131n\u0131 iddia etti\u011fi \u00c7akalo\u011flu \u00e7iftinin kesin \u00f6l\u00fcm nedeni, yap\u0131lacak olan otopsinin ard\u0131ndan belli olacak.  Olayla ilgili geni\u015f \u00e7apl\u0131 soru\u015fturma s\u00fcr\u00fcyor.<br \/><\/p>\n","protected":false},"excerpt":{"rendered":"<p>Ayd\u0131n\u2019\u0131n Efeler il\u00e7esinde 80 ya\u015f\u0131ndaki \u00e7ift, o\u011fullar\u0131 taraf\u0131ndan evde b\u0131\u00e7aklanarak \u00f6ld\u00fcr\u00fclm\u00fc\u015f olarak bulundu. Olay, Me\u015frutiyet Mahallesi K\u00fclt\u00fcr Caddesi \u00fczerindeki m\u00fcstakil dubleks bir evde saat 17.00 s\u0131ralar\u0131nda meydana geldi. Edinilen bilgiye g\u00f6re, doktor oldu\u011fu \u00f6\u011frenilen Ahmet \u00c7akalo\u011flu, bir s\u00fcredir haber alamad\u0131\u011f\u0131 anne ve babas\u0131n\u0131n ya\u015fad\u0131\u011f\u0131 eve gitti. Eve giren \u00c7akalo\u011flu, anne ve babas\u0131n\u0131 kanlar i\u00e7erisinde yerde&#8230;<\/p>\n","protected":false},"author":1,"featured_media":86316,"comment_status":"open","ping_status":"open","sticky":false,"template":"","format":"standard","meta":{"_crdt_document":"","footnotes":""},"categories":[5],"tags":[],"class_list":["post-86315","post","type-post","status-publish","format-standard","has-post-thumbnail","hentry","category-asayis"],"_links":{"self":[{"href":"https:\/\/www.egemtv.com\/index.php?rest_route=\/wp\/v2\/posts\/86315","targetHints":{"allow":["GET"]}}],"collection":[{"href":"https:\/\/www.egemtv.com\/index.php?rest_route=\/wp\/v2\/posts"}],"about":[{"href":"https:\/\/www.egemtv.com\/index.php?rest_route=\/wp\/v2\/types\/post"}],"author":[{"embeddable":true,"href":"https:\/\/www.egemtv.com\/index.php?rest_route=\/wp\/v2\/users\/1"}],"replies":[{"embeddable":true,"href":"https:\/\/www.egemtv.com\/index.php?rest_route=%2Fwp%2Fv2%2Fcomments&post=86315"}],"version-history":[{"count":1,"href":"https:\/\/www.egemtv.com\/index.php?rest_route=\/wp\/v2\/posts\/86315\/revisions"}],"predecessor-version":[{"id":86317,"href":"https:\/\/www.egemtv.com\/index.php?rest_route=\/wp\/v2\/posts\/86315\/revisions\/86317"}],"wp:featuredmedia":[{"embeddable":true,"href":"https:\/\/www.egemtv.com\/index.php?rest_route=\/wp\/v2\/media\/86316"}],"wp:attachment":[{"href":"https:\/\/www.egemtv.com\/index.php?rest_route=%2Fwp%2Fv2%2Fmedia&parent=86315"}],"wp:term":[{"taxonomy":"category","embeddable":true,"href":"https:\/\/www.egemtv.com\/index.php?rest_route=%2Fwp%2Fv2%2Fcategories&post=86315"},{"taxonomy":"post_tag","embeddable":true,"href":"https:\/\/www.egemtv.com\/index.php?rest_route=%2Fwp%2Fv2%2Ftags&post=86315"}],"curies":[{"name":"wp","href":"https:\/\/api.w.org\/{rel}","templated":true}]}}