{"id":86309,"date":"2026-02-08T20:14:38","date_gmt":"2026-02-08T17:14:38","guid":{"rendered":"https:\/\/www.egemtv.com\/?p=86309"},"modified":"2026-02-08T20:14:39","modified_gmt":"2026-02-08T17:14:39","slug":"yagis-sonrasi-kayganlasan-yolda-taklalar-atan-transit-hurdaya-dondu-2-yarali","status":"publish","type":"post","link":"https:\/\/www.egemtv.com\/?p=86309","title":{"rendered":"Ya\u011f\u0131\u015f sonras\u0131 kayganla\u015fan yolda taklalar atan transit hurdaya d\u00f6nd\u00fc: 2 yaral\u0131"},"content":{"rendered":"<p>Denizli-U\u015fak karayolunda ya\u011f\u0131\u015f sonras\u0131 kayganla\u015fan yolda kontrolden \u00e7\u0131kan transit arac\u0131n takla atmas\u0131 sonucu trafik kazas\u0131 meydana geldi. Kazada 2 ki\u015fi yaraland\u0131.<br \/>\n<br \/>Kaza, Denizli\u2019nin \u00c7ivril il\u00e7esi Denizli-U\u015fak karayolunda meydana geldi. Edinilen bilgilere g\u00f6re, s\u00fcr\u00fcc\u00fc R.E. y\u00f6netimindeki 20 AET 151 plakal\u0131 transit ara\u00e7, ya\u011f\u0131\u015f sonras\u0131 kayganla\u015fan yolda kontrolden \u00e7\u0131karak taklalar att\u0131. Kazada s\u00fcr\u00fcc\u00fc R.E. ile ara\u00e7ta yolcu olarak bulunan S.\u00d6. yaraland\u0131. \u00c7evredeki vatanda\u015flar\u0131n 112 Acil \u00c7a\u011fr\u0131 Merkezi\u2019ne ihbar\u0131 \u00fczerine olay yerine polis ve sa\u011fl\u0131k ekipleri sevk edildi. Yaral\u0131lar, sa\u011fl\u0131k ekiplerinin ilk m\u00fcdahalesinin ard\u0131ndan \u00c7ivril Devlet Hastanesi\u2019ne kald\u0131r\u0131ld\u0131. Yaral\u0131lar\u0131n sa\u011fl\u0131k durumlar\u0131n\u0131n iyi oldu\u011fu \u00f6\u011frenilirken, kaza nedeniyle yol bir s\u00fcreli\u011fine tek \u015feritten trafi\u011fe a\u00e7\u0131ld\u0131.<br \/>\n<br \/>Kazayla ilgili soru\u015fturma ba\u015flatt\u0131.<br \/><\/p>\n","protected":false},"excerpt":{"rendered":"<p>Denizli-U\u015fak karayolunda ya\u011f\u0131\u015f sonras\u0131 kayganla\u015fan yolda kontrolden \u00e7\u0131kan transit arac\u0131n takla atmas\u0131 sonucu trafik kazas\u0131 meydana geldi. Kazada 2 ki\u015fi yaraland\u0131. Kaza, Denizli\u2019nin \u00c7ivril il\u00e7esi Denizli-U\u015fak karayolunda meydana geldi. Edinilen bilgilere g\u00f6re, s\u00fcr\u00fcc\u00fc R.E. y\u00f6netimindeki 20 AET 151 plakal\u0131 transit ara\u00e7, ya\u011f\u0131\u015f sonras\u0131 kayganla\u015fan yolda kontrolden \u00e7\u0131karak taklalar att\u0131. Kazada s\u00fcr\u00fcc\u00fc R.E. ile ara\u00e7ta yolcu&#8230;<\/p>\n","protected":false},"author":1,"featured_media":86310,"comment_status":"open","ping_status":"open","sticky":false,"template":"","format":"standard","meta":{"_crdt_document":"","footnotes":""},"categories":[5],"tags":[],"class_list":["post-86309","post","type-post","status-publish","format-standard","has-post-thumbnail","hentry","category-asayis"],"_links":{"self":[{"href":"https:\/\/www.egemtv.com\/index.php?rest_route=\/wp\/v2\/posts\/86309","targetHints":{"allow":["GET"]}}],"collection":[{"href":"https:\/\/www.egemtv.com\/index.php?rest_route=\/wp\/v2\/posts"}],"about":[{"href":"https:\/\/www.egemtv.com\/index.php?rest_route=\/wp\/v2\/types\/post"}],"author":[{"embeddable":true,"href":"https:\/\/www.egemtv.com\/index.php?rest_route=\/wp\/v2\/users\/1"}],"replies":[{"embeddable":true,"href":"https:\/\/www.egemtv.com\/index.php?rest_route=%2Fwp%2Fv2%2Fcomments&post=86309"}],"version-history":[{"count":1,"href":"https:\/\/www.egemtv.com\/index.php?rest_route=\/wp\/v2\/posts\/86309\/revisions"}],"predecessor-version":[{"id":86311,"href":"https:\/\/www.egemtv.com\/index.php?rest_route=\/wp\/v2\/posts\/86309\/revisions\/86311"}],"wp:featuredmedia":[{"embeddable":true,"href":"https:\/\/www.egemtv.com\/index.php?rest_route=\/wp\/v2\/media\/86310"}],"wp:attachment":[{"href":"https:\/\/www.egemtv.com\/index.php?rest_route=%2Fwp%2Fv2%2Fmedia&parent=86309"}],"wp:term":[{"taxonomy":"category","embeddable":true,"href":"https:\/\/www.egemtv.com\/index.php?rest_route=%2Fwp%2Fv2%2Fcategories&post=86309"},{"taxonomy":"post_tag","embeddable":true,"href":"https:\/\/www.egemtv.com\/index.php?rest_route=%2Fwp%2Fv2%2Ftags&post=86309"}],"curies":[{"name":"wp","href":"https:\/\/api.w.org\/{rel}","templated":true}]}}