{"id":86306,"date":"2026-02-08T20:14:37","date_gmt":"2026-02-08T17:14:37","guid":{"rendered":"https:\/\/www.egemtv.com\/?p=86306"},"modified":"2026-02-08T20:14:38","modified_gmt":"2026-02-08T17:14:38","slug":"9-yildir-aranan-bylock-kullanicisi-ihrac-firari-emniyet-muduru-yakalandi","status":"publish","type":"post","link":"https:\/\/www.egemtv.com\/?p=86306","title":{"rendered":"9 y\u0131ld\u0131r aranan Bylock kullan\u0131c\u0131s\u0131 ihra\u00e7 firari Emniyet M\u00fcd\u00fcr\u00fc yakaland\u0131"},"content":{"rendered":"<p>Mu\u011fla Emniyet M\u00fcd\u00fcrl\u00fc\u011f\u00fc \u0130stihbarat \u015eube M\u00fcd\u00fcrl\u00fc\u011f\u00fc, Ka\u00e7ak\u00e7\u0131l\u0131k ve Organize Su\u00e7larla M\u00fccadele \u015eube M\u00fcd\u00fcrl\u00fc\u011f\u00fc ile Ter\u00f6rle M\u00fccadele \u015eube M\u00fcd\u00fcrl\u00fc\u011f\u00fc ekiplerince yap\u0131lan koordineli \u00e7al\u0131\u015fmalarda; Mu\u011fla Cumhuriyet Ba\u015fsavc\u0131l\u0131\u011f\u0131nca 9 y\u0131ld\u0131r aranan Bylock kullan\u0131c\u0131s\u0131 ihra\u00e7 Emniyet M\u00fcd\u00fcr\u00fc Y.S. Ula G\u00f6kova B\u00f6lge Trafik Denetleme \u0130stasyon Amirli\u011fi ekiplerince yap\u0131lan trafik denetimi esnas\u0131nda yakaland\u0131.<br \/>\n<br \/>\u015e\u00fcpheli ihra\u00e7 Emniyet M\u00fcd\u00fcr\u00fc Y.S. sevk edildi\u011fi adli makamlarca tutuklanarak cezaevine teslim edildi.<br \/><\/p>\n","protected":false},"excerpt":{"rendered":"<p>Mu\u011fla Emniyet M\u00fcd\u00fcrl\u00fc\u011f\u00fc \u0130stihbarat \u015eube M\u00fcd\u00fcrl\u00fc\u011f\u00fc, Ka\u00e7ak\u00e7\u0131l\u0131k ve Organize Su\u00e7larla M\u00fccadele \u015eube M\u00fcd\u00fcrl\u00fc\u011f\u00fc ile Ter\u00f6rle M\u00fccadele \u015eube M\u00fcd\u00fcrl\u00fc\u011f\u00fc ekiplerince yap\u0131lan koordineli \u00e7al\u0131\u015fmalarda; Mu\u011fla Cumhuriyet Ba\u015fsavc\u0131l\u0131\u011f\u0131nca 9 y\u0131ld\u0131r aranan Bylock kullan\u0131c\u0131s\u0131 ihra\u00e7 Emniyet M\u00fcd\u00fcr\u00fc Y.S. Ula G\u00f6kova B\u00f6lge Trafik Denetleme \u0130stasyon Amirli\u011fi ekiplerince yap\u0131lan trafik denetimi esnas\u0131nda yakaland\u0131. \u015e\u00fcpheli ihra\u00e7 Emniyet M\u00fcd\u00fcr\u00fc Y.S. sevk edildi\u011fi adli&#8230;<\/p>\n","protected":false},"author":1,"featured_media":86307,"comment_status":"open","ping_status":"open","sticky":false,"template":"","format":"standard","meta":{"_crdt_document":"","footnotes":""},"categories":[5],"tags":[],"class_list":["post-86306","post","type-post","status-publish","format-standard","has-post-thumbnail","hentry","category-asayis"],"_links":{"self":[{"href":"https:\/\/www.egemtv.com\/index.php?rest_route=\/wp\/v2\/posts\/86306","targetHints":{"allow":["GET"]}}],"collection":[{"href":"https:\/\/www.egemtv.com\/index.php?rest_route=\/wp\/v2\/posts"}],"about":[{"href":"https:\/\/www.egemtv.com\/index.php?rest_route=\/wp\/v2\/types\/post"}],"author":[{"embeddable":true,"href":"https:\/\/www.egemtv.com\/index.php?rest_route=\/wp\/v2\/users\/1"}],"replies":[{"embeddable":true,"href":"https:\/\/www.egemtv.com\/index.php?rest_route=%2Fwp%2Fv2%2Fcomments&post=86306"}],"version-history":[{"count":1,"href":"https:\/\/www.egemtv.com\/index.php?rest_route=\/wp\/v2\/posts\/86306\/revisions"}],"predecessor-version":[{"id":86308,"href":"https:\/\/www.egemtv.com\/index.php?rest_route=\/wp\/v2\/posts\/86306\/revisions\/86308"}],"wp:featuredmedia":[{"embeddable":true,"href":"https:\/\/www.egemtv.com\/index.php?rest_route=\/wp\/v2\/media\/86307"}],"wp:attachment":[{"href":"https:\/\/www.egemtv.com\/index.php?rest_route=%2Fwp%2Fv2%2Fmedia&parent=86306"}],"wp:term":[{"taxonomy":"category","embeddable":true,"href":"https:\/\/www.egemtv.com\/index.php?rest_route=%2Fwp%2Fv2%2Fcategories&post=86306"},{"taxonomy":"post_tag","embeddable":true,"href":"https:\/\/www.egemtv.com\/index.php?rest_route=%2Fwp%2Fv2%2Ftags&post=86306"}],"curies":[{"name":"wp","href":"https:\/\/api.w.org\/{rel}","templated":true}]}}