{"id":86177,"date":"2026-02-08T09:15:27","date_gmt":"2026-02-08T06:15:27","guid":{"rendered":"https:\/\/www.egemtv.com\/?p=86177"},"modified":"2026-02-08T09:15:28","modified_gmt":"2026-02-08T06:15:28","slug":"yasli-adam-dag-evinde-olu-bulundu","status":"publish","type":"post","link":"https:\/\/www.egemtv.com\/?p=86177","title":{"rendered":"Ya\u015fl\u0131 adam da\u011f evinde \u00f6l\u00fc bulundu"},"content":{"rendered":"<p>Manisa\u2019n\u0131n Kula il\u00e7esinde 67 ya\u015f\u0131ndaki bir \u015fah\u0131s, da\u011f evinde \u00f6l\u00fc bulundu.<br \/>\n<br \/>Edinilen bilgilere g\u00f6re, Nar\u0131ncal\u0131p\u0131trak Mahallesi\u2019nde ya\u015fayan Hasan H\u00fcseyin \u00c7akan (67), ikametinin yak\u0131nlar\u0131ndaki da\u011f evinde \u00f6l\u00fc olarak bulundu. \u00c7akan\u2019\u0131 as\u0131l\u0131 halde bulan yak\u0131nlar\u0131, durumu 112 Acil \u00c7a\u011fr\u0131 Merkezi\u2019ne bildirdi. \u0130hbar \u00fczerine olay yerine sa\u011fl\u0131k ve jandarma ekipleri sevk edildi. Sa\u011fl\u0131k ekiplerinin yapt\u0131\u011f\u0131 kontrolde ya\u015fl\u0131 adam\u0131n hayat\u0131n\u0131 kaybetti\u011fi belirlendi. Jandarma ekipleri olay yerinde g\u00fcvenlik \u00f6nlemleri al\u0131rken, yap\u0131lan incelemelerin ard\u0131ndan \u015fahs\u0131n cenazesi Kula Devlet Hastanesi morguna kald\u0131r\u0131ld\u0131.<br \/>\n<br \/>Olayla ilgili soru\u015fturma ba\u015flat\u0131ld\u0131.<br \/><\/p>\n","protected":false},"excerpt":{"rendered":"<p>Manisa\u2019n\u0131n Kula il\u00e7esinde 67 ya\u015f\u0131ndaki bir \u015fah\u0131s, da\u011f evinde \u00f6l\u00fc bulundu. Edinilen bilgilere g\u00f6re, Nar\u0131ncal\u0131p\u0131trak Mahallesi\u2019nde ya\u015fayan Hasan H\u00fcseyin \u00c7akan (67), ikametinin yak\u0131nlar\u0131ndaki da\u011f evinde \u00f6l\u00fc olarak bulundu. \u00c7akan\u2019\u0131 as\u0131l\u0131 halde bulan yak\u0131nlar\u0131, durumu 112 Acil \u00c7a\u011fr\u0131 Merkezi\u2019ne bildirdi. \u0130hbar \u00fczerine olay yerine sa\u011fl\u0131k ve jandarma ekipleri sevk edildi. Sa\u011fl\u0131k ekiplerinin yapt\u0131\u011f\u0131 kontrolde ya\u015fl\u0131 adam\u0131n&#8230;<\/p>\n","protected":false},"author":1,"featured_media":86178,"comment_status":"open","ping_status":"open","sticky":false,"template":"","format":"standard","meta":{"_crdt_document":"","footnotes":""},"categories":[5],"tags":[],"class_list":["post-86177","post","type-post","status-publish","format-standard","has-post-thumbnail","hentry","category-asayis"],"_links":{"self":[{"href":"https:\/\/www.egemtv.com\/index.php?rest_route=\/wp\/v2\/posts\/86177","targetHints":{"allow":["GET"]}}],"collection":[{"href":"https:\/\/www.egemtv.com\/index.php?rest_route=\/wp\/v2\/posts"}],"about":[{"href":"https:\/\/www.egemtv.com\/index.php?rest_route=\/wp\/v2\/types\/post"}],"author":[{"embeddable":true,"href":"https:\/\/www.egemtv.com\/index.php?rest_route=\/wp\/v2\/users\/1"}],"replies":[{"embeddable":true,"href":"https:\/\/www.egemtv.com\/index.php?rest_route=%2Fwp%2Fv2%2Fcomments&post=86177"}],"version-history":[{"count":1,"href":"https:\/\/www.egemtv.com\/index.php?rest_route=\/wp\/v2\/posts\/86177\/revisions"}],"predecessor-version":[{"id":86179,"href":"https:\/\/www.egemtv.com\/index.php?rest_route=\/wp\/v2\/posts\/86177\/revisions\/86179"}],"wp:featuredmedia":[{"embeddable":true,"href":"https:\/\/www.egemtv.com\/index.php?rest_route=\/wp\/v2\/media\/86178"}],"wp:attachment":[{"href":"https:\/\/www.egemtv.com\/index.php?rest_route=%2Fwp%2Fv2%2Fmedia&parent=86177"}],"wp:term":[{"taxonomy":"category","embeddable":true,"href":"https:\/\/www.egemtv.com\/index.php?rest_route=%2Fwp%2Fv2%2Fcategories&post=86177"},{"taxonomy":"post_tag","embeddable":true,"href":"https:\/\/www.egemtv.com\/index.php?rest_route=%2Fwp%2Fv2%2Ftags&post=86177"}],"curies":[{"name":"wp","href":"https:\/\/api.w.org\/{rel}","templated":true}]}}