{"id":86174,"date":"2026-02-08T01:54:51","date_gmt":"2026-02-07T22:54:51","guid":{"rendered":"https:\/\/www.egemtv.com\/?p=86174"},"modified":"2026-02-08T01:54:52","modified_gmt":"2026-02-07T22:54:52","slug":"kasten-oldurme-sucundan-aranan-2-sahis-yakalandi","status":"publish","type":"post","link":"https:\/\/www.egemtv.com\/?p=86174","title":{"rendered":"\u2018Kasten \u00f6ld\u00fcrme\u2019 su\u00e7undan aranan 2 \u015fah\u0131s yakaland\u0131"},"content":{"rendered":"<p>Trabzon A\u011f\u0131r Ceza \u0130lamat Masas\u0131 taraf\u0131ndan \u2018Kasten \u00f6ld\u00fcrme\u2019 su\u00e7undan haklar\u0131nda kesinle\u015fmi\u015f hapis cezas\u0131 bulunan iki \u015fah\u0131s, Mu\u011fla\u2019n\u0131n Ortaca il\u00e7esinde d\u00fczenlenen operasyon ile yakaland\u0131.<br \/>\n<br \/>Mu\u011fla \u0130l Emniyet M\u00fcd\u00fcrl\u00fc\u011f\u00fc \u0130stihbarat \u015eube M\u00fcd\u00fcrl\u00fc\u011f\u00fc ile Ortaca \u0130l\u00e7e Emniyet M\u00fcd\u00fcrl\u00fc\u011f\u00fc ekiplerince m\u00fc\u015fterek y\u00fcr\u00fct\u00fclen \u00e7al\u0131\u015fmalar kapsam\u0131nda, Trabzon A\u011f\u0131r Ceza \u0130lamat Masas\u0131 taraf\u0131ndan \u2018Kasten \u00f6ld\u00fcrme\u2019 su\u00e7undan haklar\u0131nda 21 y\u0131l 10 ay 15 g\u00fcn kesinle\u015fmi\u015f hapis cezas\u0131 bulunan B.\u015e. ve M.G. isimli iki \u015fahs\u0131n Ortaca il\u00e7esinde olduklar\u0131 tespit edildi.<br \/>\n<br \/>Emniyet kipleri taraf\u0131ndan d\u00fczenlenen operasyonla, \u015fah\u0131slar sakland\u0131klar\u0131 adreste yakalanarak g\u00f6zalt\u0131na al\u0131nd\u0131. Bulunduklar\u0131 evde yap\u0131lan aramalarda, \u015fah\u0131slar\u0131n foto\u011fraflar\u0131n\u0131n bulundu\u011fu sahte ehliyetler ele ge\u00e7irildi.<br \/>\n<br \/>\u015e\u00fcpheliler hakk\u0131nda ayr\u0131ca \u2018Resmi belgede sahtecilik&#8221;\u2019 su\u00e7undan da adli i\u015flem ba\u015flat\u0131ld\u0131. Emniyetteki i\u015flemlerinin ard\u0131ndan adli makamlara sevk edilen B.\u015e. ve M.G., \u00e7\u0131kar\u0131ld\u0131klar\u0131 mahkemece tutuklanarak cezaevine teslim edildi.<br \/><\/p>\n","protected":false},"excerpt":{"rendered":"<p>Trabzon A\u011f\u0131r Ceza \u0130lamat Masas\u0131 taraf\u0131ndan \u2018Kasten \u00f6ld\u00fcrme\u2019 su\u00e7undan haklar\u0131nda kesinle\u015fmi\u015f hapis cezas\u0131 bulunan iki \u015fah\u0131s, Mu\u011fla\u2019n\u0131n Ortaca il\u00e7esinde d\u00fczenlenen operasyon ile yakaland\u0131. Mu\u011fla \u0130l Emniyet M\u00fcd\u00fcrl\u00fc\u011f\u00fc \u0130stihbarat \u015eube M\u00fcd\u00fcrl\u00fc\u011f\u00fc ile Ortaca \u0130l\u00e7e Emniyet M\u00fcd\u00fcrl\u00fc\u011f\u00fc ekiplerince m\u00fc\u015fterek y\u00fcr\u00fct\u00fclen \u00e7al\u0131\u015fmalar kapsam\u0131nda, Trabzon A\u011f\u0131r Ceza \u0130lamat Masas\u0131 taraf\u0131ndan \u2018Kasten \u00f6ld\u00fcrme\u2019 su\u00e7undan haklar\u0131nda 21 y\u0131l 10 ay 15&#8230;<\/p>\n","protected":false},"author":1,"featured_media":86175,"comment_status":"open","ping_status":"open","sticky":false,"template":"","format":"standard","meta":{"_crdt_document":"","footnotes":""},"categories":[5],"tags":[],"class_list":["post-86174","post","type-post","status-publish","format-standard","has-post-thumbnail","hentry","category-asayis"],"_links":{"self":[{"href":"https:\/\/www.egemtv.com\/index.php?rest_route=\/wp\/v2\/posts\/86174","targetHints":{"allow":["GET"]}}],"collection":[{"href":"https:\/\/www.egemtv.com\/index.php?rest_route=\/wp\/v2\/posts"}],"about":[{"href":"https:\/\/www.egemtv.com\/index.php?rest_route=\/wp\/v2\/types\/post"}],"author":[{"embeddable":true,"href":"https:\/\/www.egemtv.com\/index.php?rest_route=\/wp\/v2\/users\/1"}],"replies":[{"embeddable":true,"href":"https:\/\/www.egemtv.com\/index.php?rest_route=%2Fwp%2Fv2%2Fcomments&post=86174"}],"version-history":[{"count":1,"href":"https:\/\/www.egemtv.com\/index.php?rest_route=\/wp\/v2\/posts\/86174\/revisions"}],"predecessor-version":[{"id":86176,"href":"https:\/\/www.egemtv.com\/index.php?rest_route=\/wp\/v2\/posts\/86174\/revisions\/86176"}],"wp:featuredmedia":[{"embeddable":true,"href":"https:\/\/www.egemtv.com\/index.php?rest_route=\/wp\/v2\/media\/86175"}],"wp:attachment":[{"href":"https:\/\/www.egemtv.com\/index.php?rest_route=%2Fwp%2Fv2%2Fmedia&parent=86174"}],"wp:term":[{"taxonomy":"category","embeddable":true,"href":"https:\/\/www.egemtv.com\/index.php?rest_route=%2Fwp%2Fv2%2Fcategories&post=86174"},{"taxonomy":"post_tag","embeddable":true,"href":"https:\/\/www.egemtv.com\/index.php?rest_route=%2Fwp%2Fv2%2Ftags&post=86174"}],"curies":[{"name":"wp","href":"https:\/\/api.w.org\/{rel}","templated":true}]}}