{"id":86171,"date":"2026-02-07T22:36:03","date_gmt":"2026-02-07T19:36:03","guid":{"rendered":"https:\/\/www.egemtv.com\/?p=86171"},"modified":"2026-02-07T22:36:04","modified_gmt":"2026-02-07T19:36:04","slug":"erzurumlular-izmirde-duzenlenen-herfene-gecesinde-bulustu","status":"publish","type":"post","link":"https:\/\/www.egemtv.com\/?p=86171","title":{"rendered":"Erzurumlular \u0130zmir\u2019de d\u00fczenlenen herfene gecesinde bulu\u015ftu"},"content":{"rendered":"<p>\u0130zmir\u2019de d\u00fczenlenen programla Erzurum\u2019un k\u00f6kl\u00fc &#8220;herfene&#8221; gelene\u011fi ya\u015fat\u0131larak, vatanda\u015flar ayn\u0131 sofrada bulu\u015ftu.<br \/>\n<br \/>Programda konu\u015fan \u0130zmir Valisi S\u00fcleyman Elban, Erzurum\u2019un en \u00f6nemli de\u011ferinin insan unsuru oldu\u011funu vurgulayarak, &#8220;Erzurum denildi\u011finde akla \u015f\u00fcphesiz Paland\u00f6ken ve Konakl\u0131 Kayak Merkezleri, Atlama Kuleleri, Oltu ta\u015f\u0131, ca\u011f kebab\u0131, d\u00f6neri, patatesi, lahanas\u0131, Tortum \u015eelalesi, Narman Peribacalar\u0131, Pasinler Kalesi, Aziziye Tabyalar\u0131, \u0130spir ve H\u0131n\u0131s kuru fasulyesi, su b\u00f6re\u011fi, kaday\u0131f dolmas\u0131, kavurmas\u0131, eti, so\u011fuk da\u011flar\u0131 ve platolar\u0131 gelmektedir. H\u00fclasa, Erzurum denilince pek \u00e7ok de\u011fer say\u0131labilir ancak as\u0131l akla gelen havas\u0131n\u0131n so\u011fuklu\u011fu de\u011fil, insan\u0131n\u0131n mertli\u011fidir. Vatan\u0131na, milletine, bayra\u011f\u0131na ve manevi de\u011ferlerine y\u00fcrekten ba\u011fl\u0131 olan Dada\u015flard\u0131r&#8221; dedi.<br \/>\n<br \/>Vali Elban, &#8220;Binlerce kilometre uzakta olman\u0131za ra\u011fmen Erzurum k\u00fclt\u00fcr\u00fcn\u00fc, o g\u00fczelli\u011fi, mertli\u011fi ve y\u00fcce duygular\u0131 burada t\u0131pk\u0131 Erzurum\u2019daym\u0131\u015f\u00e7as\u0131na ya\u015fatman\u0131z takdire \u015fayan bir ba\u015far\u0131d\u0131r. Bu k\u00fclt\u00fcr\u00fc ya\u015fatmaya devam etmenizi ve de\u011ferlerimizden asla vazge\u00e7memenizi istirham ediyorum. Zira Erzurum\u2019u Erzurum, Dada\u015f\u2019\u0131 Dada\u015f yapan bu hasletler, yaln\u0131zca sizler i\u00e7in de\u011fil, t\u00fcm milletimiz i\u00e7in elzemdir. Elbette bu k\u00fclt\u00fcr\u00fc ya\u015fatmak sadece ailelerin sorumlulu\u011funda de\u011fildir. Bu g\u00f6rev ayn\u0131 zamanda sivil toplum kurulu\u015flar\u0131m\u0131za da d\u00fc\u015fmektedir&#8221; ifadelerini kulland\u0131.<\/p>\n<p>&#8220;Biz \u0130zmir\u2019de misafir de\u011fil, ev sahibiyiz&#8221;<br \/>\n<br \/>AK Parti Genel Sekreteri Eyy\u00fcp Kadir \u0130nan ise, \u0130zmir\u2019de ya\u015fayan Erzurumlular\u0131n kentle b\u00fct\u00fcnle\u015fti\u011fine dikkat \u00e7ekti. \u0130nan, Erzurumlu vatanda\u015flar\u0131n \u0130zmir\u2019de misafir stat\u00fcs\u00fcnde de\u011fil, \u015fehrin sahipleri aras\u0131nda yer ald\u0131\u011f\u0131n\u0131 belirterek \u015funlar\u0131 s\u00f6yledi:<br \/>\n<br \/>&#8220;Zakir Ba\u015fkan\u2019\u0131n \u2018Gurbetteyiz\u2019 ifadesine de\u011finmek istiyorum. Kendisine daha \u00f6nceki toplant\u0131larda da ifade ettim. De\u011ferli ba\u015fkan\u0131m, biz \u0130zmir\u2019de Erzurumlular olarak misafir de\u011fil, ev sahibiyiz. Mardinliler, Manisal\u0131lar, Konyal\u0131lar olarak bu \u015fehrin ev sahibiyiz. Bizim k\u00f6k\u00fcm\u00fcz de, \u00f6l\u00fcm\u00fcm\u00fcz de, rotam\u0131z da buradad\u0131r.&#8221;<br \/>\n<br \/>Eskiizmir Erzurumlular K\u00fclt\u00fcr ve Dayan\u0131\u015fma Derne\u011fi Ba\u015fkan\u0131 Dursun Kurtlu, etkinlikte kurulan dev sofran\u0131n \u0130zmir\u2019i ayd\u0131nlatmaya devam etti\u011fini belirterek, organizasyonun yaln\u0131zca bir yemek ikram\u0131ndan ibaret olmad\u0131\u011f\u0131n\u0131 vurgulad\u0131. Sofran\u0131n arka plan\u0131ndaki kolektif \u00e7al\u0131\u015fmaya dikkat \u00e7eken Kurtlu, &#8220;Bu sofra; g\u00fcnlerce s\u00fcren bir eme\u011fin, imecenin ve \u2019biz\u2019 olma bilincinin tezah\u00fcr\u00fcd\u00fcr. Kazanlar kurulurken sadece ate\u015fle de\u011fil, Erzurum\u2019un ve memleketimizin sevdas\u0131yla harlanm\u0131\u015ft\u0131r&#8221; dedi.<br \/>\n<br \/>Yemeklerin haz\u0131rl\u0131k s\u00fcrecindeki manevi atmosfere de de\u011finen Kurtlu, a\u015flara karde\u015flik duas\u0131, memleket hasreti ve dostluk mayas\u0131 kat\u0131ld\u0131\u011f\u0131n\u0131 belirtti. Kurtlu konu\u015fmas\u0131n\u0131, &#8220;Zira herfene demek \u2019senin\u2019 veya \u2019benim\u2019 olan\u0131 de\u011fil, \u2019bizim\u2019 olan\u0131 payla\u015fmak demektir&#8221; ifadeleriyle sonland\u0131rd\u0131.<br \/>\n<br \/>Ege B\u00f6lgesi Erzurum Dernekler Birli\u011fi Federasyonu Genel Ba\u015fkan\u0131 Zakir Salmano\u011flu da, konu\u015fmas\u0131nda birlik, beraberlik ve k\u00fclt\u00fcrel de\u011ferlere vurgu yapt\u0131. Salmano\u011flu, &#8220;Bug\u00fcn burada yaln\u0131zca bir dernek yeme\u011fi vesilesiyle de\u011fil, kadim bir k\u00fclt\u00fcr\u00fcn, k\u00f6kl\u00fc bir aidiyetin ve g\u00fc\u00e7l\u00fc bir dayan\u0131\u015fma gelene\u011finin atmosferinde bir araya gelmi\u015f bulunuyoruz&#8221; dedi.<br \/>\n<br \/>Erzurum\u2019un tarihi ve milli \u00f6nemine dikkat \u00e7eken Salmano\u011flu, &#8220;Tarih boyunca salt bir \u015fehir olman\u0131n \u00f6tesine ge\u00e7en Erzurum, devlet akl\u0131n\u0131n, vatan bilincinin ve milli duru\u015fun simgesi olmu\u015ftur&#8221; \u015feklinde konu\u015ftu.<br \/>\n<br \/>Gurbette ya\u015fayan Erzurumlular\u0131n \u00fcstlendi\u011fi sorumlulu\u011fun alt\u0131n\u0131 \u00e7izen Salmano\u011flu, &#8220;Bizler, gurbette ya\u015fayan Erzurumlular olarak memleketimizden kilometrelerc  uzakta olsak da Erzurum\u2019un vakar\u0131n\u0131, Dada\u015f\u2019\u0131n mertli\u011fini ve devlete olan sadakati bulundu\u011fumuz her mecrada ta\u015f\u0131may\u0131 asli bir sorumluluk addediyoruz&#8221; ifadelerini kulland\u0131.<br \/>\n<br \/>Konu\u015fmalar\u0131n ard\u0131ndan program, geleneksel herfene k\u00fclt\u00fcr\u00fcn\u00fcn icra edilmesiyle sona erdi. Bir otelde d\u00fczenlenen &#8220;Ge\u00e7mi\u015ften Gelece\u011fe Herfene&#8221; adl\u0131 programa \u0130zmir Valisi S\u00fcleyman Elban, AK Parti Genel Sekreteri ve \u0130zmir Milletvekili Eyy\u00fcp Kadir \u0130nan, AK Parti \u0130zmir Milletvekilleri Ceyda B\u00f6l\u00fcnmez \u00c7ank\u0131r\u0131 ve Ya\u015far K\u0131rkp\u0131nar, Menemen Belediye Ba\u015fkan\u0131 Ayd\u0131n Pehlivan, Eskiizmir Erzurumlular K\u00fclt\u00fcr ve Dayan\u0131\u015fma Derne\u011fi Ba\u015fkan\u0131 Dursun Kurtlu ile \u00e7ok say\u0131da davetli kat\u0131ld\u0131.<br \/><\/p>\n","protected":false},"excerpt":{"rendered":"<p>\u0130zmir\u2019de d\u00fczenlenen programla Erzurum\u2019un k\u00f6kl\u00fc &#8220;herfene&#8221; gelene\u011fi ya\u015fat\u0131larak, vatanda\u015flar ayn\u0131 sofrada bulu\u015ftu. Programda konu\u015fan \u0130zmir Valisi S\u00fcleyman Elban, Erzurum\u2019un en \u00f6nemli de\u011ferinin insan unsuru oldu\u011funu vurgulayarak, &#8220;Erzurum denildi\u011finde akla \u015f\u00fcphesiz Paland\u00f6ken ve Konakl\u0131 Kayak Merkezleri, Atlama Kuleleri, Oltu ta\u015f\u0131, ca\u011f kebab\u0131, d\u00f6neri, patatesi, lahanas\u0131, Tortum \u015eelalesi, Narman Peribacalar\u0131, Pasinler Kalesi, Aziziye Tabyalar\u0131, \u0130spir ve H\u0131n\u0131s&#8230;<\/p>\n","protected":false},"author":1,"featured_media":86172,"comment_status":"open","ping_status":"open","sticky":false,"template":"","format":"standard","meta":{"_crdt_document":"","footnotes":""},"categories":[1],"tags":[],"class_list":["post-86171","post","type-post","status-publish","format-standard","has-post-thumbnail","hentry","category-guncel"],"_links":{"self":[{"href":"https:\/\/www.egemtv.com\/index.php?rest_route=\/wp\/v2\/posts\/86171","targetHints":{"allow":["GET"]}}],"collection":[{"href":"https:\/\/www.egemtv.com\/index.php?rest_route=\/wp\/v2\/posts"}],"about":[{"href":"https:\/\/www.egemtv.com\/index.php?rest_route=\/wp\/v2\/types\/post"}],"author":[{"embeddable":true,"href":"https:\/\/www.egemtv.com\/index.php?rest_route=\/wp\/v2\/users\/1"}],"replies":[{"embeddable":true,"href":"https:\/\/www.egemtv.com\/index.php?rest_route=%2Fwp%2Fv2%2Fcomments&post=86171"}],"version-history":[{"count":1,"href":"https:\/\/www.egemtv.com\/index.php?rest_route=\/wp\/v2\/posts\/86171\/revisions"}],"predecessor-version":[{"id":86173,"href":"https:\/\/www.egemtv.com\/index.php?rest_route=\/wp\/v2\/posts\/86171\/revisions\/86173"}],"wp:featuredmedia":[{"embeddable":true,"href":"https:\/\/www.egemtv.com\/index.php?rest_route=\/wp\/v2\/media\/86172"}],"wp:attachment":[{"href":"https:\/\/www.egemtv.com\/index.php?rest_route=%2Fwp%2Fv2%2Fmedia&parent=86171"}],"wp:term":[{"taxonomy":"category","embeddable":true,"href":"https:\/\/www.egemtv.com\/index.php?rest_route=%2Fwp%2Fv2%2Fcategories&post=86171"},{"taxonomy":"post_tag","embeddable":true,"href":"https:\/\/www.egemtv.com\/index.php?rest_route=%2Fwp%2Fv2%2Ftags&post=86171"}],"curies":[{"name":"wp","href":"https:\/\/api.w.org\/{rel}","templated":true}]}}