{"id":86168,"date":"2026-02-07T21:54:41","date_gmt":"2026-02-07T18:54:41","guid":{"rendered":"https:\/\/www.egemtv.com\/?p=86168"},"modified":"2026-02-07T21:54:42","modified_gmt":"2026-02-07T18:54:42","slug":"afad-baskani-pehlivan-usaktaki-taskinlar-su-an-itibariyla-yaklasik-100-arac-150-personel-gorev-yapiyor","status":"publish","type":"post","link":"https:\/\/www.egemtv.com\/?p=86168","title":{"rendered":"AFAD Ba\u015fkan\u0131 Pehlivan: &#8220;(U\u015fak\u2019taki ta\u015fk\u0131nlar) \u015eu an itibar\u0131yla yakla\u015f\u0131k 100 ara\u00e7, 150 personel g\u00f6rev yap\u0131yor&#8221;"},"content":{"rendered":"<p>Afet ve Acil Durum Y\u00f6netimi (AFAD) Ba\u015fkan\u0131 Ali Hamza Pehlivan, U\u015fak\u2019ta ta\u015fk\u0131ndan etkilenen b\u00f6lgelerde incelemelerde bulundu. Pehlivan, b\u00f6lgede yakla\u015f\u0131k 100 ara\u00e7 ve 150 personelin g\u00f6rev yapt\u0131\u011f\u0131n\u0131 belirterek, &#8220;Bu sular tahliye edilecek ve eski haline getirilecek&#8221; dedi.<br \/>\n<br \/>Ya\u015fanan su bask\u0131nlar\u0131n\u0131n ard\u0131ndan U\u015fak\u2019a gelen AFAD Ba\u015fkan\u0131 Ali Hamza Pehlivan, \u00c7anl\u0131 b\u00f6lgesinde incelemelerde bulundu. Pehlivan, b\u00f6lgede y\u00fcr\u00fct\u00fclen \u00e7al\u0131\u015fmalarla ilgili U\u015fak Valisi Naci Akta\u015f ve \u0130l AFAD M\u00fcd\u00fcr\u00fc Yasemin Bebek\u2019ten bilgi ald\u0131. Su bask\u0131n\u0131ndan etkilenen i\u015f yerlerini de ziyaret eden Pehlivan, i\u015fletme sahiplerine ge\u00e7mi\u015f olsun dileklerini iletti.<br \/>\n<br \/>Vali Akta\u015f, &#8220;\u00c7anl\u0131 b\u00f6lgesi diye ge\u00e7en b\u00f6lgemizde yakla\u015f\u0131k 35 i\u015f yerimiz, bunlar\u0131n i\u00e7eresinde depo, at\u00f6lye ve fabrikalardan muhtelif nitelikle i\u015f yerimiz iki derenin birle\u015fti\u011fi noktada Dokuzsele ve De\u011firmendere diye ge\u00e7en, su ta\u015fk\u0131n\u0131na maruz kald\u0131. 112 ihbar hatt\u0131m\u0131za gelen ihbarla birlikte AFAD \u0130l M\u00fcd\u00fcr\u00fcm\u00fcz koordinasyonunda Devlet Su \u0130\u015fleri, belediye ve Karayollar\u0131 ekiplerimizle birlikte \u00e7al\u0131\u015fma ba\u015flat\u0131ld\u0131. Herhangi bir can kayb\u0131m\u0131z yok \u00e7ok \u015f\u00fck\u00fcr. En b\u00fcy\u00fck tesellimiz budur. Suyun tahliyesi devam ediyor ve muhtemelen gece boyu da devam edecektir. G\u00fcn boyu da tahliye ve devam\u0131nda \u0131slah \u00e7al\u0131\u015fmalar\u0131 y\u00fcr\u00fct\u00fclecektir. Tekrar ge\u00e7mi\u015f olsun dileklerimi iletiyorum&#8221; dedi.<br \/>\n<br \/>\u0130ncelemelerin ard\u0131ndan a\u00e7\u0131klama yapan AFAD Ba\u015fkan\u0131 Pehlivan ise, &#8220;U\u015fak ilimiz merkezde gece saatlerinde ba\u015flayan, sabah saatlerinde de yo\u011funla\u015fan ya\u011fmurun meydana getirdi\u011fi sel fabrikalar b\u00f6lgesinde ta\u015fk\u0131na yol a\u00e7t\u0131. Nitekim U\u015fak ilimizde de ya\u011fmurun yo\u011funla\u015fmaya ba\u015flad\u0131\u011f\u0131 anlar itibar\u0131yla kurumlar\u0131m\u0131z teyakkuza ge\u00e7mi\u015fti. Dokuzsele ve De\u011firmendere civar\u0131nda ta\u015fk\u0131nlar olu\u015ftu ve bu ta\u015fk\u0131nlar neticesinde at\u00f6lye, depo ve fabrikalardan olu\u015fan 35 i\u015f yeri su ald\u0131, su bask\u0131n\u0131 oldu. Biraz \u00f6nce say\u0131n valimizle birlikte alan\u0131 gezdik. \u015eu an itibar\u0131yla yakla\u015f\u0131k 100 ara\u00e7, 150 personel g\u00f6rev yap\u0131yor. \u00c7ok \u015f\u00fck\u00fcr yaralanma, can kayb\u0131m\u0131z yok. Bu sular tahliye edilecek ve eski haline getirilecek. U\u015fak ilimize, U\u015fakl\u0131 vatanda\u015flar\u0131m\u0131za ge\u00e7mi\u015f olsun dileklerimi iletiyorum. Bu s\u00fcre\u00e7te de her zaman oldu\u011fu gibi devletimizin b\u00fct\u00fcn kurulu\u015flar\u0131yla vatanda\u015f\u0131m\u0131z\u0131n yan\u0131nda oldu\u011funu bir kere daha ifade etmek istiyorum. Allah \u00fclkemizi, milletimizi kazalardan, bu t\u00fcr afetlerden korusun diyorum&#8221; dedi.<br \/><\/p>\n","protected":false},"excerpt":{"rendered":"<p>Afet ve Acil Durum Y\u00f6netimi (AFAD) Ba\u015fkan\u0131 Ali Hamza Pehlivan, U\u015fak\u2019ta ta\u015fk\u0131ndan etkilenen b\u00f6lgelerde incelemelerde bulundu. Pehlivan, b\u00f6lgede yakla\u015f\u0131k 100 ara\u00e7 ve 150 personelin g\u00f6rev yapt\u0131\u011f\u0131n\u0131 belirterek, &#8220;Bu sular tahliye edilecek ve eski haline getirilecek&#8221; dedi. Ya\u015fanan su bask\u0131nlar\u0131n\u0131n ard\u0131ndan U\u015fak\u2019a gelen AFAD Ba\u015fkan\u0131 Ali Hamza Pehlivan, \u00c7anl\u0131 b\u00f6lgesinde incelemelerde bulundu. Pehlivan, b\u00f6lgede y\u00fcr\u00fct\u00fclen \u00e7al\u0131\u015fmalarla&#8230;<\/p>\n","protected":false},"author":1,"featured_media":86169,"comment_status":"open","ping_status":"open","sticky":false,"template":"","format":"standard","meta":{"_crdt_document":"","footnotes":""},"categories":[1],"tags":[],"class_list":["post-86168","post","type-post","status-publish","format-standard","has-post-thumbnail","hentry","category-guncel"],"_links":{"self":[{"href":"https:\/\/www.egemtv.com\/index.php?rest_route=\/wp\/v2\/posts\/86168","targetHints":{"allow":["GET"]}}],"collection":[{"href":"https:\/\/www.egemtv.com\/index.php?rest_route=\/wp\/v2\/posts"}],"about":[{"href":"https:\/\/www.egemtv.com\/index.php?rest_route=\/wp\/v2\/types\/post"}],"author":[{"embeddable":true,"href":"https:\/\/www.egemtv.com\/index.php?rest_route=\/wp\/v2\/users\/1"}],"replies":[{"embeddable":true,"href":"https:\/\/www.egemtv.com\/index.php?rest_route=%2Fwp%2Fv2%2Fcomments&post=86168"}],"version-history":[{"count":1,"href":"https:\/\/www.egemtv.com\/index.php?rest_route=\/wp\/v2\/posts\/86168\/revisions"}],"predecessor-version":[{"id":86170,"href":"https:\/\/www.egemtv.com\/index.php?rest_route=\/wp\/v2\/posts\/86168\/revisions\/86170"}],"wp:featuredmedia":[{"embeddable":true,"href":"https:\/\/www.egemtv.com\/index.php?rest_route=\/wp\/v2\/media\/86169"}],"wp:attachment":[{"href":"https:\/\/www.egemtv.com\/index.php?rest_route=%2Fwp%2Fv2%2Fmedia&parent=86168"}],"wp:term":[{"taxonomy":"category","embeddable":true,"href":"https:\/\/www.egemtv.com\/index.php?rest_route=%2Fwp%2Fv2%2Fcategories&post=86168"},{"taxonomy":"post_tag","embeddable":true,"href":"https:\/\/www.egemtv.com\/index.php?rest_route=%2Fwp%2Fv2%2Ftags&post=86168"}],"curies":[{"name":"wp","href":"https:\/\/api.w.org\/{rel}","templated":true}]}}