{"id":86165,"date":"2026-02-07T19:54:56","date_gmt":"2026-02-07T16:54:56","guid":{"rendered":"https:\/\/www.egemtv.com\/?p=86165"},"modified":"2026-02-07T19:54:57","modified_gmt":"2026-02-07T16:54:57","slug":"hirsizlik-sucundan-aranan-sahis-efelerde-yakalandi","status":"publish","type":"post","link":"https:\/\/www.egemtv.com\/?p=86165","title":{"rendered":"H\u0131rs\u0131zl\u0131k su\u00e7undan aranan \u015fah\u0131s Efeler\u2019de yakaland\u0131"},"content":{"rendered":"<p>Ayd\u0131n\u2019\u0131n Efeler il\u00e7esinde polis ekiplerince yap\u0131lan \u00e7al\u0131\u015fmada h\u0131rs\u0131zl\u0131k su\u00e7undan aranan bir ki\u015fi yakaland\u0131.<br \/>\n<br \/>Asayi\u015f \u015eube M\u00fcd\u00fcrl\u00fc\u011f\u00fc Aranan \u015eah\u0131slar B\u00fcro Amirli\u011fi koordinesinde aranan \u015fah\u0131slar\u0131n yakalanmas\u0131na y\u00f6nelik y\u00fcr\u00fct\u00fclen \u00e7al\u0131\u015fmalar aral\u0131ks\u0131z s\u00fcr\u00fcyor. Edinilen bilgiye g\u00f6re Efeler il\u00e7esi Adnan Menderes Mahallesi\u2019nde \u2019Bina \u0130\u00e7inde Muhafaza Alt\u0131na Al\u0131nm\u0131\u015f E\u015fya Hakk\u0131nda H\u0131rs\u0131zl\u0131k\u2019 su\u00e7undan 14 y\u0131l 6 ay kesinle\u015fmi\u015f hapis cezas\u0131yla aranmas\u0131 bulunan C.\u00c7. isimli \u015fah\u0131s yakaland\u0131. G\u00f6zalt\u0131na al\u0131nan \u015fah\u0131s, gerekli i\u015flemlerin ard\u0131ndan cezaevine teslim edildi.<br \/><\/p>\n","protected":false},"excerpt":{"rendered":"<p>Ayd\u0131n\u2019\u0131n Efeler il\u00e7esinde polis ekiplerince yap\u0131lan \u00e7al\u0131\u015fmada h\u0131rs\u0131zl\u0131k su\u00e7undan aranan bir ki\u015fi yakaland\u0131. Asayi\u015f \u015eube M\u00fcd\u00fcrl\u00fc\u011f\u00fc Aranan \u015eah\u0131slar B\u00fcro Amirli\u011fi koordinesinde aranan \u015fah\u0131slar\u0131n yakalanmas\u0131na y\u00f6nelik y\u00fcr\u00fct\u00fclen \u00e7al\u0131\u015fmalar aral\u0131ks\u0131z s\u00fcr\u00fcyor. Edinilen bilgiye g\u00f6re Efeler il\u00e7esi Adnan Menderes Mahallesi\u2019nde \u2019Bina \u0130\u00e7inde Muhafaza Alt\u0131na Al\u0131nm\u0131\u015f E\u015fya Hakk\u0131nda H\u0131rs\u0131zl\u0131k\u2019 su\u00e7undan 14 y\u0131l 6 ay kesinle\u015fmi\u015f hapis cezas\u0131yla aranmas\u0131 bulunan&#8230;<\/p>\n","protected":false},"author":1,"featured_media":86166,"comment_status":"open","ping_status":"open","sticky":false,"template":"","format":"standard","meta":{"_crdt_document":"","footnotes":""},"categories":[5],"tags":[],"class_list":["post-86165","post","type-post","status-publish","format-standard","has-post-thumbnail","hentry","category-asayis"],"_links":{"self":[{"href":"https:\/\/www.egemtv.com\/index.php?rest_route=\/wp\/v2\/posts\/86165","targetHints":{"allow":["GET"]}}],"collection":[{"href":"https:\/\/www.egemtv.com\/index.php?rest_route=\/wp\/v2\/posts"}],"about":[{"href":"https:\/\/www.egemtv.com\/index.php?rest_route=\/wp\/v2\/types\/post"}],"author":[{"embeddable":true,"href":"https:\/\/www.egemtv.com\/index.php?rest_route=\/wp\/v2\/users\/1"}],"replies":[{"embeddable":true,"href":"https:\/\/www.egemtv.com\/index.php?rest_route=%2Fwp%2Fv2%2Fcomments&post=86165"}],"version-history":[{"count":1,"href":"https:\/\/www.egemtv.com\/index.php?rest_route=\/wp\/v2\/posts\/86165\/revisions"}],"predecessor-version":[{"id":86167,"href":"https:\/\/www.egemtv.com\/index.php?rest_route=\/wp\/v2\/posts\/86165\/revisions\/86167"}],"wp:featuredmedia":[{"embeddable":true,"href":"https:\/\/www.egemtv.com\/index.php?rest_route=\/wp\/v2\/media\/86166"}],"wp:attachment":[{"href":"https:\/\/www.egemtv.com\/index.php?rest_route=%2Fwp%2Fv2%2Fmedia&parent=86165"}],"wp:term":[{"taxonomy":"category","embeddable":true,"href":"https:\/\/www.egemtv.com\/index.php?rest_route=%2Fwp%2Fv2%2Fcategories&post=86165"},{"taxonomy":"post_tag","embeddable":true,"href":"https:\/\/www.egemtv.com\/index.php?rest_route=%2Fwp%2Fv2%2Ftags&post=86165"}],"curies":[{"name":"wp","href":"https:\/\/api.w.org\/{rel}","templated":true}]}}