{"id":86162,"date":"2026-02-07T19:54:55","date_gmt":"2026-02-07T16:54:55","guid":{"rendered":"https:\/\/www.egemtv.com\/?p=86162"},"modified":"2026-02-07T19:54:56","modified_gmt":"2026-02-07T16:54:56","slug":"dgc-baskanligina-ozkan-tokmak-secildi","status":"publish","type":"post","link":"https:\/\/www.egemtv.com\/?p=86162","title":{"rendered":"DGC Ba\u015fkanl\u0131\u011f\u0131na \u00d6zkan Tokmak se\u00e7ildi"},"content":{"rendered":"<p>Denizli Gazeteciler Cemiyeti\u2019nin (DGC) ola\u011fan genel kurulunda heyecanl\u0131 bir se\u00e7im s\u00fcreci ya\u015fand\u0131. \u00dc\u00e7 aday\u0131n yar\u0131\u015ft\u0131\u011f\u0131 kongrede, \u00fcyelerin \u00e7o\u011funlu\u011funun oyunu alan \u00d6zkan Tokmak, cemiyetin yeni ba\u015fkan\u0131 oldu.<\/p>\n<p>Denizli Gazeteciler Cemiyeti\u2019nde (DGC) se\u00e7im heyecan\u0131 sona erdi. \u00c7atal\u00e7e\u015fme Oda Tiyatrosu\u2019nda ger\u00e7ekle\u015ftirilen Ola\u011fan Genel Kurul, \u00fcyelerin yo\u011fun kat\u0131l\u0131m\u0131yla tamamland\u0131. Mevcut y\u00f6netim ve adaylar\u0131n projelerini payla\u015ft\u0131\u011f\u0131 genel kurulda, demokrasi \u015f\u00f6leni ya\u015fand\u0131. \u00dc\u00e7 adayl\u0131 yar\u0131\u015fta kazanan \u00d6zkan Tokmak olurken cemiyetin gelece\u011fini \u015fekillendirecek se\u00e7imde ba\u015fkanl\u0131k i\u00e7in yar\u0131\u015f\u0131ld\u0131. \u00d6zkan Tokmak, Erol U\u00e7kan ve \u00dcmit Varol yar\u0131\u015ft\u0131. Toplam 191 \u00fcyesi bulunan cemiyette, y\u00fcksek kat\u0131l\u0131m oldu.<br \/>\n<br \/>Yap\u0131lan oylama sonucunda; adaylardan 84 oy \u00d6zkan Tokmak, Erol U\u00e7kan 44 oy, \u00dcmit Varol 26 oyda kald\u0131. Sand\u0131ktan \u00e7\u0131kan 7 oy ise ge\u00e7ersiz say\u0131ld\u0131.<br \/>\n<br \/>Se\u00e7im sonu\u00e7lar\u0131n\u0131n a\u00e7\u0131klanmas\u0131n\u0131n ard\u0131ndan tebrikleri kabul eden Tokmak ve yeni y\u00f6netim kurulu, \u00f6n\u00fcm\u00fczdeki d\u00f6nemde Denizli bas\u0131n\u0131n\u0131n sorunlar\u0131na \u00e7\u00f6z\u00fcm \u00fcretmek i\u00e7in \u00e7al\u0131\u015facaklar\u0131n\u0131 belirtti.<br \/><\/p>\n","protected":false},"excerpt":{"rendered":"<p>Denizli Gazeteciler Cemiyeti\u2019nin (DGC) ola\u011fan genel kurulunda heyecanl\u0131 bir se\u00e7im s\u00fcreci ya\u015fand\u0131. \u00dc\u00e7 aday\u0131n yar\u0131\u015ft\u0131\u011f\u0131 kongrede, \u00fcyelerin \u00e7o\u011funlu\u011funun oyunu alan \u00d6zkan Tokmak, cemiyetin yeni ba\u015fkan\u0131 oldu. Denizli Gazeteciler Cemiyeti\u2019nde (DGC) se\u00e7im heyecan\u0131 sona erdi. \u00c7atal\u00e7e\u015fme Oda Tiyatrosu\u2019nda ger\u00e7ekle\u015ftirilen Ola\u011fan Genel Kurul, \u00fcyelerin yo\u011fun kat\u0131l\u0131m\u0131yla tamamland\u0131. Mevcut y\u00f6netim ve adaylar\u0131n projelerini payla\u015ft\u0131\u011f\u0131 genel kurulda, demokrasi \u015f\u00f6leni&#8230;<\/p>\n","protected":false},"author":1,"featured_media":86163,"comment_status":"open","ping_status":"open","sticky":false,"template":"","format":"standard","meta":{"_crdt_document":"","footnotes":""},"categories":[127],"tags":[],"class_list":["post-86162","post","type-post","status-publish","format-standard","has-post-thumbnail","hentry","category-siyaset"],"_links":{"self":[{"href":"https:\/\/www.egemtv.com\/index.php?rest_route=\/wp\/v2\/posts\/86162","targetHints":{"allow":["GET"]}}],"collection":[{"href":"https:\/\/www.egemtv.com\/index.php?rest_route=\/wp\/v2\/posts"}],"about":[{"href":"https:\/\/www.egemtv.com\/index.php?rest_route=\/wp\/v2\/types\/post"}],"author":[{"embeddable":true,"href":"https:\/\/www.egemtv.com\/index.php?rest_route=\/wp\/v2\/users\/1"}],"replies":[{"embeddable":true,"href":"https:\/\/www.egemtv.com\/index.php?rest_route=%2Fwp%2Fv2%2Fcomments&post=86162"}],"version-history":[{"count":1,"href":"https:\/\/www.egemtv.com\/index.php?rest_route=\/wp\/v2\/posts\/86162\/revisions"}],"predecessor-version":[{"id":86164,"href":"https:\/\/www.egemtv.com\/index.php?rest_route=\/wp\/v2\/posts\/86162\/revisions\/86164"}],"wp:featuredmedia":[{"embeddable":true,"href":"https:\/\/www.egemtv.com\/index.php?rest_route=\/wp\/v2\/media\/86163"}],"wp:attachment":[{"href":"https:\/\/www.egemtv.com\/index.php?rest_route=%2Fwp%2Fv2%2Fmedia&parent=86162"}],"wp:term":[{"taxonomy":"category","embeddable":true,"href":"https:\/\/www.egemtv.com\/index.php?rest_route=%2Fwp%2Fv2%2Fcategories&post=86162"},{"taxonomy":"post_tag","embeddable":true,"href":"https:\/\/www.egemtv.com\/index.php?rest_route=%2Fwp%2Fv2%2Ftags&post=86162"}],"curies":[{"name":"wp","href":"https:\/\/api.w.org\/{rel}","templated":true}]}}