{"id":86084,"date":"2026-02-07T15:55:51","date_gmt":"2026-02-07T12:55:51","guid":{"rendered":"https:\/\/www.egemtv.com\/?p=86084"},"modified":"2026-02-07T15:55:52","modified_gmt":"2026-02-07T12:55:52","slug":"eski-su-kuyusunun-oldugu-yol-coktu-obruk-olustu","status":"publish","type":"post","link":"https:\/\/www.egemtv.com\/?p=86084","title":{"rendered":"Eski su kuyusunun oldu\u011fu yol \u00e7\u00f6kt\u00fc obruk olu\u015ftu"},"content":{"rendered":"<p>Ayd\u0131n\u2019\u0131n Efeler il\u00e7esinde etkili olan ya\u011f\u0131\u015flar\u0131n ard\u0131ndan eski su kuyusunun bulundu\u011fu yol \u00e7\u00f6kerken, 20 metre derinli\u011finde obruk olu\u015ftu.<br \/>\n<br \/>Ayd\u0131n genelinde etkili olan sa\u011fanak ya\u011f\u0131\u015flar sonras\u0131nda bir\u00e7ok b\u00f6lgede su bask\u0131nlar\u0131 ya\u015fan\u0131rken, baz\u0131 b\u00f6lgelerde de \u00e7\u00f6k\u00fcnt\u00fcler meydana geldi. Efeler il\u00e7esi Mimar Sinan Mahallesi Sinan 2 Caddesi \u00fczerinde bulunan yol kenar\u0131nda da topra\u011f\u0131n yumu\u015famas\u0131 sonucunda \u00e7\u00f6k\u00fcnt\u00fc meydana geldi. \u00c7\u00f6k\u00fcnt\u00fcn\u00fcn ya\u015fand\u0131\u011f\u0131 alanda eski su kuyusunun bulundu\u011fu \u00f6\u011frenilirken, \u00e7\u00f6kme sebebiyle yakla\u015f\u0131k 20 metre derinli\u011finde obruk olu\u015ftu. \u0130hbar \u00fczerine b\u00f6lgeye giden polis ekipleri ise b\u00f6lgede g\u00fcvenlik \u00f6nlemi al\u0131rken, belediye ekipleri b\u00f6lgeye sevk edildi. Ya\u011f\u0131\u015fl\u0131 havan\u0131n etkisini s\u00fcrd\u00fcrmesi sebebiyle yolun daha da \u00e7\u00f6kme ihtimaline kar\u015f\u0131 \u00f6nlem al\u0131n\u0131rken, belediye ekipleri \u00e7al\u0131\u015fma ba\u015flatt\u0131.<br \/><\/p>\n","protected":false},"excerpt":{"rendered":"<p>Ayd\u0131n\u2019\u0131n Efeler il\u00e7esinde etkili olan ya\u011f\u0131\u015flar\u0131n ard\u0131ndan eski su kuyusunun bulundu\u011fu yol \u00e7\u00f6kerken, 20 metre derinli\u011finde obruk olu\u015ftu. Ayd\u0131n genelinde etkili olan sa\u011fanak ya\u011f\u0131\u015flar sonras\u0131nda bir\u00e7ok b\u00f6lgede su bask\u0131nlar\u0131 ya\u015fan\u0131rken, baz\u0131 b\u00f6lgelerde de \u00e7\u00f6k\u00fcnt\u00fcler meydana geldi. Efeler il\u00e7esi Mimar Sinan Mahallesi Sinan 2 Caddesi \u00fczerinde bulunan yol kenar\u0131nda da topra\u011f\u0131n yumu\u015famas\u0131 sonucunda \u00e7\u00f6k\u00fcnt\u00fc meydana geldi&#8230;.<\/p>\n","protected":false},"author":1,"featured_media":86085,"comment_status":"open","ping_status":"open","sticky":false,"template":"","format":"standard","meta":{"_crdt_document":"","footnotes":""},"categories":[1],"tags":[],"class_list":["post-86084","post","type-post","status-publish","format-standard","has-post-thumbnail","hentry","category-guncel"],"_links":{"self":[{"href":"https:\/\/www.egemtv.com\/index.php?rest_route=\/wp\/v2\/posts\/86084","targetHints":{"allow":["GET"]}}],"collection":[{"href":"https:\/\/www.egemtv.com\/index.php?rest_route=\/wp\/v2\/posts"}],"about":[{"href":"https:\/\/www.egemtv.com\/index.php?rest_route=\/wp\/v2\/types\/post"}],"author":[{"embeddable":true,"href":"https:\/\/www.egemtv.com\/index.php?rest_route=\/wp\/v2\/users\/1"}],"replies":[{"embeddable":true,"href":"https:\/\/www.egemtv.com\/index.php?rest_route=%2Fwp%2Fv2%2Fcomments&post=86084"}],"version-history":[{"count":1,"href":"https:\/\/www.egemtv.com\/index.php?rest_route=\/wp\/v2\/posts\/86084\/revisions"}],"predecessor-version":[{"id":86086,"href":"https:\/\/www.egemtv.com\/index.php?rest_route=\/wp\/v2\/posts\/86084\/revisions\/86086"}],"wp:featuredmedia":[{"embeddable":true,"href":"https:\/\/www.egemtv.com\/index.php?rest_route=\/wp\/v2\/media\/86085"}],"wp:attachment":[{"href":"https:\/\/www.egemtv.com\/index.php?rest_route=%2Fwp%2Fv2%2Fmedia&parent=86084"}],"wp:term":[{"taxonomy":"category","embeddable":true,"href":"https:\/\/www.egemtv.com\/index.php?rest_route=%2Fwp%2Fv2%2Fcategories&post=86084"},{"taxonomy":"post_tag","embeddable":true,"href":"https:\/\/www.egemtv.com\/index.php?rest_route=%2Fwp%2Fv2%2Ftags&post=86084"}],"curies":[{"name":"wp","href":"https:\/\/api.w.org\/{rel}","templated":true}]}}