{"id":86081,"date":"2026-02-07T15:55:50","date_gmt":"2026-02-07T12:55:50","guid":{"rendered":"https:\/\/www.egemtv.com\/?p=86081"},"modified":"2026-02-07T15:55:51","modified_gmt":"2026-02-07T12:55:51","slug":"salihlide-sel-felaketi-kopru-yikildi-nehir-tasti-yollar-kapandi","status":"publish","type":"post","link":"https:\/\/www.egemtv.com\/?p=86081","title":{"rendered":"Salihli\u2019de sel felaketi: K\u00f6pr\u00fc y\u0131k\u0131ld\u0131, nehir ta\u015ft\u0131, yollar kapand\u0131"},"content":{"rendered":"<p>Manisa\u2019n\u0131n Salihli il\u00e7esinde etkili olan \u015fiddetli ya\u011f\u0131\u015f, hayat\u0131 olumsuz etkiledi. D\u00fcnden bu yana aral\u0131klarla devam eden ve gece saatlerinde etkisini art\u0131ran ya\u011f\u0131\u015flar nedeniyle k\u00f6pr\u00fcler zarar g\u00f6rd\u00fc, nehirler ta\u015ft\u0131, baz\u0131 yollar ula\u015f\u0131ma kapat\u0131ld\u0131. Sa\u011fanak ya\u011f\u0131\u015f\u0131n zarar verdi\u011fi alanlar havadan g\u00f6r\u00fcnt\u00fclendi.<br \/>\n<br \/>Sa\u011fanak ya\u011f\u0131\u015f sonras\u0131 Keli Mahallesi\u2019nde yayalar\u0131n kulland\u0131\u011f\u0131 k\u00f6pr\u00fc sel sular\u0131na dayanamayarak y\u0131k\u0131ld\u0131. Manisa ve Menemen Ovas\u0131\u2019n\u0131n can damar\u0131 olarak bilinen Gediz Nehri\u2019nin debisi k\u0131sa s\u00fcrede tehlikeli seviyelere y\u00fckseldi. Nehrin ta\u015fmas\u0131 sonucu \u00e7evredeki ba\u011flar ve tar\u0131m arazileri sular alt\u0131nda kal\u0131rken, b\u00f6lgede geni\u015f alanlar suyla kapland\u0131.<br \/>\n<br \/>Salihli\u2019de Kur\u015funlu \u00c7ay\u0131\u2019n\u0131n debisinin h\u0131zla artmas\u0131yla birlikte sular Kur\u015funlu K\u00f6pr\u00fcs\u00fc\u2019n\u00fc a\u015farak zarara neden oldu. Salihli Belediyesi ekipleri k\u00f6pr\u00fc \u00fczerinde bak\u0131m ve onar\u0131m \u00e7al\u0131\u015fmalar\u0131n\u0131 aral\u0131ks\u0131z s\u00fcrd\u00fcr\u00fcrken, piknik alan\u0131 mevkiinde baz\u0131 b\u00f6l\u00fcmler tedbir ama\u00e7l\u0131 kullan\u0131ma kapat\u0131ld\u0131.<br \/>\n<br \/>\u00d6te yandan \u015fiddetli ya\u011f\u0131\u015flar nedeniyle Salihli-\u00c7elikli yolunda da sel etkili oldu. G\u00fcm\u00fc\u015f\u00e7ay\u0131\u2019n\u0131n debisinin tehlikeli seviyelere ula\u015fmas\u0131 sonucu Hac\u0131bekta\u015fl\u0131 Mezarl\u0131\u011f\u0131 mevkiinde Salihli-\u00c7elikli yolu sular alt\u0131nda kald\u0131. Selin yuttu\u011fu b\u00f6lgeye sevk edilen ekipler g\u00fcvenlik \u00f6nlemleri alarak yolu ula\u015f\u0131ma kapatt\u0131.<br \/><\/p>\n","protected":false},"excerpt":{"rendered":"<p>Manisa\u2019n\u0131n Salihli il\u00e7esinde etkili olan \u015fiddetli ya\u011f\u0131\u015f, hayat\u0131 olumsuz etkiledi. D\u00fcnden bu yana aral\u0131klarla devam eden ve gece saatlerinde etkisini art\u0131ran ya\u011f\u0131\u015flar nedeniyle k\u00f6pr\u00fcler zarar g\u00f6rd\u00fc, nehirler ta\u015ft\u0131, baz\u0131 yollar ula\u015f\u0131ma kapat\u0131ld\u0131. Sa\u011fanak ya\u011f\u0131\u015f\u0131n zarar verdi\u011fi alanlar havadan g\u00f6r\u00fcnt\u00fclendi. Sa\u011fanak ya\u011f\u0131\u015f sonras\u0131 Keli Mahallesi\u2019nde yayalar\u0131n kulland\u0131\u011f\u0131 k\u00f6pr\u00fc sel sular\u0131na dayanamayarak y\u0131k\u0131ld\u0131. Manisa ve Menemen Ovas\u0131\u2019n\u0131n&#8230;<\/p>\n","protected":false},"author":1,"featured_media":86082,"comment_status":"open","ping_status":"open","sticky":false,"template":"","format":"standard","meta":{"_crdt_document":"","footnotes":""},"categories":[5],"tags":[],"class_list":["post-86081","post","type-post","status-publish","format-standard","has-post-thumbnail","hentry","category-asayis"],"_links":{"self":[{"href":"https:\/\/www.egemtv.com\/index.php?rest_route=\/wp\/v2\/posts\/86081","targetHints":{"allow":["GET"]}}],"collection":[{"href":"https:\/\/www.egemtv.com\/index.php?rest_route=\/wp\/v2\/posts"}],"about":[{"href":"https:\/\/www.egemtv.com\/index.php?rest_route=\/wp\/v2\/types\/post"}],"author":[{"embeddable":true,"href":"https:\/\/www.egemtv.com\/index.php?rest_route=\/wp\/v2\/users\/1"}],"replies":[{"embeddable":true,"href":"https:\/\/www.egemtv.com\/index.php?rest_route=%2Fwp%2Fv2%2Fcomments&post=86081"}],"version-history":[{"count":1,"href":"https:\/\/www.egemtv.com\/index.php?rest_route=\/wp\/v2\/posts\/86081\/revisions"}],"predecessor-version":[{"id":86083,"href":"https:\/\/www.egemtv.com\/index.php?rest_route=\/wp\/v2\/posts\/86081\/revisions\/86083"}],"wp:featuredmedia":[{"embeddable":true,"href":"https:\/\/www.egemtv.com\/index.php?rest_route=\/wp\/v2\/media\/86082"}],"wp:attachment":[{"href":"https:\/\/www.egemtv.com\/index.php?rest_route=%2Fwp%2Fv2%2Fmedia&parent=86081"}],"wp:term":[{"taxonomy":"category","embeddable":true,"href":"https:\/\/www.egemtv.com\/index.php?rest_route=%2Fwp%2Fv2%2Fcategories&post=86081"},{"taxonomy":"post_tag","embeddable":true,"href":"https:\/\/www.egemtv.com\/index.php?rest_route=%2Fwp%2Fv2%2Ftags&post=86081"}],"curies":[{"name":"wp","href":"https:\/\/api.w.org\/{rel}","templated":true}]}}