{"id":86078,"date":"2026-02-07T15:34:58","date_gmt":"2026-02-07T12:34:58","guid":{"rendered":"https:\/\/www.egemtv.com\/?p=86078"},"modified":"2026-02-07T15:34:59","modified_gmt":"2026-02-07T12:34:59","slug":"manisada-trafik-kazasi-2-yarali","status":"publish","type":"post","link":"https:\/\/www.egemtv.com\/?p=86078","title":{"rendered":"Manisa\u2019da trafik kazas\u0131: 2 yaral\u0131"},"content":{"rendered":"<p>Manisa\u2019n\u0131n Demirci il\u00e7esinde kontrolden \u00e7\u0131kan arac\u0131n trafik levhas\u0131na \u00e7arpt\u0131\u011f\u0131 kazada 2 ki\u015fi yaraland\u0131.<br \/>\n<br \/>Edinilen bilgiye g\u00f6re, Demirci-Simaz karayolunda Simav istikametinden Demirci istikametine giden Hayrettin Z. (46) y\u00f6netimindeki 09 ANV 359 plakal\u0131 ara\u00e7, Ak\u00e7akertik mevkiinde ya\u011fmur nedeniyle kayganla\u015fan yolda kontrolden \u00e7\u0131karak trafik levhas\u0131na \u00e7arpt\u0131, ard\u0131ndan otomobil u\u00e7uruma yuvarland\u0131. S\u00fcr\u00fcc\u00fc Hayrettin Z. (46) ve yolcu olarak bulunan Okan A. (40) yaraland\u0131. Olay yerine sevk edilen itfaiye, sa\u011fl\u0131k ve jandarma ekiplerince otomobilde bulunan yaral\u0131lar yol kenar\u0131na \u00e7\u0131kar\u0131ld\u0131ktan sonra ambulansa al\u0131nd\u0131. Yaral\u0131lar Demirci Devlet Hastanesine kald\u0131r\u0131l\u0131rken, kazayla ilgili inceleme ba\u015flat\u0131ld\u0131.<br \/><\/p>\n","protected":false},"excerpt":{"rendered":"<p>Manisa\u2019n\u0131n Demirci il\u00e7esinde kontrolden \u00e7\u0131kan arac\u0131n trafik levhas\u0131na \u00e7arpt\u0131\u011f\u0131 kazada 2 ki\u015fi yaraland\u0131. Edinilen bilgiye g\u00f6re, Demirci-Simaz karayolunda Simav istikametinden Demirci istikametine giden Hayrettin Z. (46) y\u00f6netimindeki 09 ANV 359 plakal\u0131 ara\u00e7, Ak\u00e7akertik mevkiinde ya\u011fmur nedeniyle kayganla\u015fan yolda kontrolden \u00e7\u0131karak trafik levhas\u0131na \u00e7arpt\u0131, ard\u0131ndan otomobil u\u00e7uruma yuvarland\u0131. S\u00fcr\u00fcc\u00fc Hayrettin Z. (46) ve yolcu olarak bulunan&#8230;<\/p>\n","protected":false},"author":1,"featured_media":86079,"comment_status":"open","ping_status":"open","sticky":false,"template":"","format":"standard","meta":{"_crdt_document":"","footnotes":""},"categories":[5],"tags":[],"class_list":["post-86078","post","type-post","status-publish","format-standard","has-post-thumbnail","hentry","category-asayis"],"_links":{"self":[{"href":"https:\/\/www.egemtv.com\/index.php?rest_route=\/wp\/v2\/posts\/86078","targetHints":{"allow":["GET"]}}],"collection":[{"href":"https:\/\/www.egemtv.com\/index.php?rest_route=\/wp\/v2\/posts"}],"about":[{"href":"https:\/\/www.egemtv.com\/index.php?rest_route=\/wp\/v2\/types\/post"}],"author":[{"embeddable":true,"href":"https:\/\/www.egemtv.com\/index.php?rest_route=\/wp\/v2\/users\/1"}],"replies":[{"embeddable":true,"href":"https:\/\/www.egemtv.com\/index.php?rest_route=%2Fwp%2Fv2%2Fcomments&post=86078"}],"version-history":[{"count":1,"href":"https:\/\/www.egemtv.com\/index.php?rest_route=\/wp\/v2\/posts\/86078\/revisions"}],"predecessor-version":[{"id":86080,"href":"https:\/\/www.egemtv.com\/index.php?rest_route=\/wp\/v2\/posts\/86078\/revisions\/86080"}],"wp:featuredmedia":[{"embeddable":true,"href":"https:\/\/www.egemtv.com\/index.php?rest_route=\/wp\/v2\/media\/86079"}],"wp:attachment":[{"href":"https:\/\/www.egemtv.com\/index.php?rest_route=%2Fwp%2Fv2%2Fmedia&parent=86078"}],"wp:term":[{"taxonomy":"category","embeddable":true,"href":"https:\/\/www.egemtv.com\/index.php?rest_route=%2Fwp%2Fv2%2Fcategories&post=86078"},{"taxonomy":"post_tag","embeddable":true,"href":"https:\/\/www.egemtv.com\/index.php?rest_route=%2Fwp%2Fv2%2Ftags&post=86078"}],"curies":[{"name":"wp","href":"https:\/\/api.w.org\/{rel}","templated":true}]}}