{"id":86075,"date":"2026-02-07T15:15:06","date_gmt":"2026-02-07T12:15:06","guid":{"rendered":"https:\/\/www.egemtv.com\/?p=86075"},"modified":"2026-02-07T15:15:06","modified_gmt":"2026-02-07T12:15:06","slug":"aydinda-korkutan-kaza-1-agir-yarali","status":"publish","type":"post","link":"https:\/\/www.egemtv.com\/?p=86075","title":{"rendered":"Ayd\u0131n\u2019da korkutan kaza: 1 a\u011f\u0131r yaral\u0131"},"content":{"rendered":"<p>Ayd\u0131n\u2019\u0131n Efeler il\u00e7esinde ticari ara\u00e7la motosikletin \u00e7arp\u0131\u015fmas\u0131 sonucu meydana gelen kazada motosiklet s\u00fcr\u00fcc\u00fcs\u00fc a\u011f\u0131r yaraland\u0131.<br \/>\n<br \/>Kaza, Efeler il\u00e7esi Mimar Sinan Mahallesi Ali \u0130hsan Pa\u015fa Bulvar\u0131 \u00fczerinde meydana geldi. Edinilen bilgiye g\u00f6re bulvar \u00fczerinde seyir halinde olan A.E.A. idaresindeki 09 AOP 192 plakal\u0131 motosiklet, 2192 Sokak\u2019a d\u00f6n\u00fc\u015f yapmak isteyen H.\u00d6. idaresindeki 09 UA 006 plakal\u0131 ticari ara\u00e7 ile \u00e7arp\u0131\u015ft\u0131. \u00c7arp\u0131\u015fman\u0131n etkisiyle motosiklet s\u00fcr\u00fcc\u00fcs\u00fc \u00f6nce arac\u0131n cam\u0131na \u00e7arpt\u0131 ard\u0131ndan yola f\u0131rlad\u0131. Kazada gen\u00e7 motosiklet s\u00fcr\u00fcc\u00fcs\u00fc a\u011f\u0131r yaralan\u0131rken, kazay\u0131 g\u00f6renler durumu 112 Acil \u00c7a\u011fr\u0131 Merkezi\u2019ne bildirdi. \u0130hbar \u00fczerine b\u00f6lgeye polis ve sa\u011fl\u0131k ekipleri sevk edildi. K\u0131sa s\u00fcrede olay yerine gelen sa\u011fl\u0131k ekipleri, ilk m\u00fcdahalenin ard\u0131ndan yaral\u0131 s\u00fcr\u00fcc\u00fcy\u00fc ambulansla hastaneye kald\u0131rd\u0131. Yaral\u0131n\u0131n hayati tehlikesinin bulundu\u011fu \u00f6\u011frenilirken, kullan\u0131lamaz hale gelen ara\u00e7lar \u00e7ekici marifetiyle kald\u0131r\u0131ld\u0131. Kaza ile ilgili inceleme ba\u015flat\u0131ld\u0131.<br \/><\/p>\n","protected":false},"excerpt":{"rendered":"<p>Ayd\u0131n\u2019\u0131n Efeler il\u00e7esinde ticari ara\u00e7la motosikletin \u00e7arp\u0131\u015fmas\u0131 sonucu meydana gelen kazada motosiklet s\u00fcr\u00fcc\u00fcs\u00fc a\u011f\u0131r yaraland\u0131. Kaza, Efeler il\u00e7esi Mimar Sinan Mahallesi Ali \u0130hsan Pa\u015fa Bulvar\u0131 \u00fczerinde meydana geldi. Edinilen bilgiye g\u00f6re bulvar \u00fczerinde seyir halinde olan A.E.A. idaresindeki 09 AOP 192 plakal\u0131 motosiklet, 2192 Sokak\u2019a d\u00f6n\u00fc\u015f yapmak isteyen H.\u00d6. idaresindeki 09 UA 006 plakal\u0131 ticari&#8230;<\/p>\n","protected":false},"author":1,"featured_media":86076,"comment_status":"open","ping_status":"open","sticky":false,"template":"","format":"standard","meta":{"_crdt_document":"","footnotes":""},"categories":[5],"tags":[],"class_list":["post-86075","post","type-post","status-publish","format-standard","has-post-thumbnail","hentry","category-asayis"],"_links":{"self":[{"href":"https:\/\/www.egemtv.com\/index.php?rest_route=\/wp\/v2\/posts\/86075","targetHints":{"allow":["GET"]}}],"collection":[{"href":"https:\/\/www.egemtv.com\/index.php?rest_route=\/wp\/v2\/posts"}],"about":[{"href":"https:\/\/www.egemtv.com\/index.php?rest_route=\/wp\/v2\/types\/post"}],"author":[{"embeddable":true,"href":"https:\/\/www.egemtv.com\/index.php?rest_route=\/wp\/v2\/users\/1"}],"replies":[{"embeddable":true,"href":"https:\/\/www.egemtv.com\/index.php?rest_route=%2Fwp%2Fv2%2Fcomments&post=86075"}],"version-history":[{"count":1,"href":"https:\/\/www.egemtv.com\/index.php?rest_route=\/wp\/v2\/posts\/86075\/revisions"}],"predecessor-version":[{"id":86077,"href":"https:\/\/www.egemtv.com\/index.php?rest_route=\/wp\/v2\/posts\/86075\/revisions\/86077"}],"wp:featuredmedia":[{"embeddable":true,"href":"https:\/\/www.egemtv.com\/index.php?rest_route=\/wp\/v2\/media\/86076"}],"wp:attachment":[{"href":"https:\/\/www.egemtv.com\/index.php?rest_route=%2Fwp%2Fv2%2Fmedia&parent=86075"}],"wp:term":[{"taxonomy":"category","embeddable":true,"href":"https:\/\/www.egemtv.com\/index.php?rest_route=%2Fwp%2Fv2%2Fcategories&post=86075"},{"taxonomy":"post_tag","embeddable":true,"href":"https:\/\/www.egemtv.com\/index.php?rest_route=%2Fwp%2Fv2%2Ftags&post=86075"}],"curies":[{"name":"wp","href":"https:\/\/api.w.org\/{rel}","templated":true}]}}