{"id":86072,"date":"2026-02-07T15:15:04","date_gmt":"2026-02-07T12:15:04","guid":{"rendered":"https:\/\/www.egemtv.com\/?p=86072"},"modified":"2026-02-07T15:15:05","modified_gmt":"2026-02-07T12:15:05","slug":"sahipleri-olume-terk-etti-resmi-kurumlar-topu-birbirine-atti","status":"publish","type":"post","link":"https:\/\/www.egemtv.com\/?p=86072","title":{"rendered":"Sahipleri \u00f6l\u00fcme terk etti, resmi kurumlar topu birbirine att\u0131"},"content":{"rendered":"<p>Ayd\u0131n\u2019\u0131n Efeler il\u00e7esinde eski m\u00fcze binas\u0131n\u0131n bah\u00e7esine ba\u011flanan 2 kat\u0131r adeta \u00f6l\u00fcme terk edilirken, mahalle sakinlerinin yard\u0131m istedi\u011fi resmi kurumlar ise topu birbirine att\u0131. Kat\u0131rlar\u0131n 3 g\u00fcnd\u00fcr b\u00f6lgede ba\u011fl\u0131 halde oldu\u011funu ve sa\u011fanak ya\u011f\u0131\u015flarla \u0131sland\u0131\u011f\u0131n\u0131 ifade eden mahalle sakinleri de kat\u0131rlar\u0131n, kurtar\u0131lmas\u0131n\u0131 istedi.<\/p>\n<p>Efeler il\u00e7esi Hasanefendi Mahallesi K\u00fclt\u00fcr Caddesi \u00fczerinde bulunan eski m\u00fcze binas\u0131n\u0131n bah\u00e7esine kimli\u011fi belirsiz ki\u015fi ya da ki\u015filerce getirilen 2 kat\u0131r, adeta \u00f6l\u00fcme terk edildi. Bah\u00e7eye terk edilen ve bir a\u011faca ba\u011flanan kat\u0131rlar\u0131 fark eden mahalle sakinleri durumu yetkililere bildirerek kurtarmak istedi. Kat\u0131rlar\u0131n 3 g\u00fcnd\u00fcr etkili olan sa\u011fanak ya\u011f\u0131\u015flar sebebiyle \u0131sland\u0131\u011f\u0131n\u0131 ve a\u00e7 susuz kald\u0131klar\u0131n\u0131 ifade eden mahalle sakinleri, yetkililerden yard\u0131m istedi. Mahalle sakinlerinden Erdem \u00d6zkan; &#8220;3-4 g\u00fcn \u00f6nce bir kamyonet geldi, pencereden bak\u0131yordum ben. Atlar\u0131 g\u00f6r\u00fcnce \u015fa\u015f\u0131rd\u0131m ama b\u0131rak\u0131p gideceklerini tahmin etmedim. Daha sonra bakt\u0131\u011f\u0131mda kamyonet gitmi\u015fti ve kat\u0131rlar bah\u00e7ede duruyordu. B\u0131rak\u0131p gitmi\u015fler. Ben daha sonra Efeler Belediyesi\u2019ni arad\u0131m, onlar bana ba\u015fka bir numara verdi. O numaray\u0131 arad\u0131\u011f\u0131mda Ayd\u0131n B\u00fcy\u00fck\u015fehir Belediyesi oldu\u011funu \u00f6\u011frendim. Onlar da \u2019biz bakm\u0131yoruz\u2019 dedi ve \u00e7ift\u00e7i korumaya y\u00f6nlendirdi. Oray\u0131 arad\u0131\u011f\u0131mda oradakiler de yaln\u0131zca \u00e7ift\u00e7inin tar\u0131msal y\u00f6nleriyle ilgilendiklerini s\u00f6yledi. Yani sorumluluk alan olmad\u0131. Bu kat\u0131rlar\u0131n kurtar\u0131lmas\u0131n\u0131 istiyoruz&#8221; dedi.<\/p>\n<p>Mahalle sakinlerinden H\u00fcsamettin Ka\u00e7ar da; &#8220;Evimin balkonundan bakt\u0131\u011f\u0131mda bir tane kat\u0131r g\u00f6rd\u00fcm ve ya\u011fmurun alt\u0131nda bekliyordu. Gidip kontrol etti\u011fimde iki tane olduklar\u0131n\u0131 fark ettim. Birileri buraya b\u0131rak\u0131p gitmi\u015f. Resmen \u00f6l\u00fcme terk etmi\u015fler. Hayvanlar 3 g\u00fcnd\u00fcr burada a\u00e7 susuz ve \u0131slanm\u0131\u015f haldeler. Bunlar\u0131n \u00f6lmeden kurtar\u0131lmas\u0131n\u0131 istiyoruz. Yetkililerin de bu konuya m\u00fcdahale etmesini bekliyoruz&#8221; dedi.<br \/><\/p>\n","protected":false},"excerpt":{"rendered":"<p>Ayd\u0131n\u2019\u0131n Efeler il\u00e7esinde eski m\u00fcze binas\u0131n\u0131n bah\u00e7esine ba\u011flanan 2 kat\u0131r adeta \u00f6l\u00fcme terk edilirken, mahalle sakinlerinin yard\u0131m istedi\u011fi resmi kurumlar ise topu birbirine att\u0131. Kat\u0131rlar\u0131n 3 g\u00fcnd\u00fcr b\u00f6lgede ba\u011fl\u0131 halde oldu\u011funu ve sa\u011fanak ya\u011f\u0131\u015flarla \u0131sland\u0131\u011f\u0131n\u0131 ifade eden mahalle sakinleri de kat\u0131rlar\u0131n, kurtar\u0131lmas\u0131n\u0131 istedi. Efeler il\u00e7esi Hasanefendi Mahallesi K\u00fclt\u00fcr Caddesi \u00fczerinde bulunan eski m\u00fcze binas\u0131n\u0131n bah\u00e7esine&#8230;<\/p>\n","protected":false},"author":1,"featured_media":86073,"comment_status":"open","ping_status":"open","sticky":false,"template":"","format":"standard","meta":{"_crdt_document":"","footnotes":""},"categories":[1],"tags":[],"class_list":["post-86072","post","type-post","status-publish","format-standard","has-post-thumbnail","hentry","category-guncel"],"_links":{"self":[{"href":"https:\/\/www.egemtv.com\/index.php?rest_route=\/wp\/v2\/posts\/86072","targetHints":{"allow":["GET"]}}],"collection":[{"href":"https:\/\/www.egemtv.com\/index.php?rest_route=\/wp\/v2\/posts"}],"about":[{"href":"https:\/\/www.egemtv.com\/index.php?rest_route=\/wp\/v2\/types\/post"}],"author":[{"embeddable":true,"href":"https:\/\/www.egemtv.com\/index.php?rest_route=\/wp\/v2\/users\/1"}],"replies":[{"embeddable":true,"href":"https:\/\/www.egemtv.com\/index.php?rest_route=%2Fwp%2Fv2%2Fcomments&post=86072"}],"version-history":[{"count":1,"href":"https:\/\/www.egemtv.com\/index.php?rest_route=\/wp\/v2\/posts\/86072\/revisions"}],"predecessor-version":[{"id":86074,"href":"https:\/\/www.egemtv.com\/index.php?rest_route=\/wp\/v2\/posts\/86072\/revisions\/86074"}],"wp:featuredmedia":[{"embeddable":true,"href":"https:\/\/www.egemtv.com\/index.php?rest_route=\/wp\/v2\/media\/86073"}],"wp:attachment":[{"href":"https:\/\/www.egemtv.com\/index.php?rest_route=%2Fwp%2Fv2%2Fmedia&parent=86072"}],"wp:term":[{"taxonomy":"category","embeddable":true,"href":"https:\/\/www.egemtv.com\/index.php?rest_route=%2Fwp%2Fv2%2Fcategories&post=86072"},{"taxonomy":"post_tag","embeddable":true,"href":"https:\/\/www.egemtv.com\/index.php?rest_route=%2Fwp%2Fv2%2Ftags&post=86072"}],"curies":[{"name":"wp","href":"https:\/\/api.w.org\/{rel}","templated":true}]}}