{"id":86069,"date":"2026-02-07T14:55:18","date_gmt":"2026-02-07T11:55:18","guid":{"rendered":"https:\/\/www.egemtv.com\/?p=86069"},"modified":"2026-02-07T14:55:19","modified_gmt":"2026-02-07T11:55:19","slug":"camide-tuvaleti-kullandi-notla-birlikte-para-birakti","status":"publish","type":"post","link":"https:\/\/www.egemtv.com\/?p=86069","title":{"rendered":"Camide tuvaleti kulland\u0131, notla birlikte para b\u0131rakt\u0131"},"content":{"rendered":"<p>Ayd\u0131n\u2019\u0131n Sultanhisar il\u00e7esine ba\u011fl\u0131 At\u00e7a Mahallesi\u2019nde bir camide ya\u015fan ilgin\u00e7 olay &#8220;insanl\u0131k \u00f6lmemi\u015f&#8221; dedirtti. Camideki tuvaleti kullanan kimli\u011fi belirsiz bir vatanda\u015f cami i\u00e7erisine b\u0131rakt\u0131\u011f\u0131 not ve para ile helallik istedi.<br \/>\n<br \/>Edinilen bilgiye g\u00f6re adeta insanl\u0131k dersi verildi\u011fi ifade edilen ilgin\u00e7 olay At\u00e7a Mahallesi\u2019ndeki as\u0131rl\u0131k Mutaf Camiinde ya\u015fand\u0131. Cami \u0130mam Hatibi Veli Battal, At\u00e7a Mahalle Muhtar\u0131 Ali Kele\u015f\u2019e giderek bir vatanda\u015f\u0131n notla birlikte b\u0131rakt\u0131\u011f\u0131 100 TL\u2019yi g\u00f6sterip teslim etmek istedi\u011fini s\u00f6yledi Muhtar Ali Kele\u015f de paran\u0131n camiye b\u0131rak\u0131ld\u0131\u011f\u0131n\u0131 ifade ederek caminin i\u015flerinde kullan\u0131lmas\u0131n\u0131n daha uygun oldu\u011funu belirtti.<\/p>\n<p>&#8220;Adeta insanl\u0131k \u00f6lmemi\u015f denebilecek bir davran\u0131\u015f&#8221;<br \/>\n<br \/>\u0130lgin\u00e7 olayla ilgili konu\u015fan Muhtar Ali Kele\u015f; &#8220;Cami imam\u0131m\u0131z Veli Battal olay\u0131 anlatt\u0131\u011f\u0131nda \u00e7ok \u015fa\u015f\u0131rd\u0131m. Camide hen\u00fcz g\u00fcvenlik kameras\u0131 olmad\u0131\u011f\u0131 i\u00e7in kimin b\u0131rakt\u0131\u011f\u0131n\u0131 tespit edemedik. \u00dcstelik camideki tuvalet \u00fccretsiz ve ihtiyac\u0131 olan herkes kullanabilirdi. Adeta insanl\u0131k \u00f6lmemi\u015f denebilecek bir davran\u0131\u015f. Camideki tuvaleti kullanm\u0131\u015f ve kimsenin hakk\u0131na girmemek ad\u0131na bu davran\u0131\u015f\u0131 yapm\u0131\u015f. Buradan bu vatanda\u015f\u0131m\u0131za te\u015fekk\u00fcrlerimi iletmek istiyorum. Ramazan ay\u0131na girece\u011fimiz bu g\u00fcnlerde bu davran\u0131\u015f\u0131 g\u00f6rmek bizleri \u00e7ok mutlu etti&#8221; dedi.<br \/><\/p>\n","protected":false},"excerpt":{"rendered":"<p>Ayd\u0131n\u2019\u0131n Sultanhisar il\u00e7esine ba\u011fl\u0131 At\u00e7a Mahallesi\u2019nde bir camide ya\u015fan ilgin\u00e7 olay &#8220;insanl\u0131k \u00f6lmemi\u015f&#8221; dedirtti. Camideki tuvaleti kullanan kimli\u011fi belirsiz bir vatanda\u015f cami i\u00e7erisine b\u0131rakt\u0131\u011f\u0131 not ve para ile helallik istedi. Edinilen bilgiye g\u00f6re adeta insanl\u0131k dersi verildi\u011fi ifade edilen ilgin\u00e7 olay At\u00e7a Mahallesi\u2019ndeki as\u0131rl\u0131k Mutaf Camiinde ya\u015fand\u0131. Cami \u0130mam Hatibi Veli Battal, At\u00e7a Mahalle Muhtar\u0131&#8230;<\/p>\n","protected":false},"author":1,"featured_media":86070,"comment_status":"open","ping_status":"open","sticky":false,"template":"","format":"standard","meta":{"_crdt_document":"","footnotes":""},"categories":[1],"tags":[],"class_list":["post-86069","post","type-post","status-publish","format-standard","has-post-thumbnail","hentry","category-guncel"],"_links":{"self":[{"href":"https:\/\/www.egemtv.com\/index.php?rest_route=\/wp\/v2\/posts\/86069","targetHints":{"allow":["GET"]}}],"collection":[{"href":"https:\/\/www.egemtv.com\/index.php?rest_route=\/wp\/v2\/posts"}],"about":[{"href":"https:\/\/www.egemtv.com\/index.php?rest_route=\/wp\/v2\/types\/post"}],"author":[{"embeddable":true,"href":"https:\/\/www.egemtv.com\/index.php?rest_route=\/wp\/v2\/users\/1"}],"replies":[{"embeddable":true,"href":"https:\/\/www.egemtv.com\/index.php?rest_route=%2Fwp%2Fv2%2Fcomments&post=86069"}],"version-history":[{"count":1,"href":"https:\/\/www.egemtv.com\/index.php?rest_route=\/wp\/v2\/posts\/86069\/revisions"}],"predecessor-version":[{"id":86071,"href":"https:\/\/www.egemtv.com\/index.php?rest_route=\/wp\/v2\/posts\/86069\/revisions\/86071"}],"wp:featuredmedia":[{"embeddable":true,"href":"https:\/\/www.egemtv.com\/index.php?rest_route=\/wp\/v2\/media\/86070"}],"wp:attachment":[{"href":"https:\/\/www.egemtv.com\/index.php?rest_route=%2Fwp%2Fv2%2Fmedia&parent=86069"}],"wp:term":[{"taxonomy":"category","embeddable":true,"href":"https:\/\/www.egemtv.com\/index.php?rest_route=%2Fwp%2Fv2%2Fcategories&post=86069"},{"taxonomy":"post_tag","embeddable":true,"href":"https:\/\/www.egemtv.com\/index.php?rest_route=%2Fwp%2Fv2%2Ftags&post=86069"}],"curies":[{"name":"wp","href":"https:\/\/api.w.org\/{rel}","templated":true}]}}