{"id":86066,"date":"2026-02-07T14:35:02","date_gmt":"2026-02-07T11:35:02","guid":{"rendered":"https:\/\/www.egemtv.com\/?p=86066"},"modified":"2026-02-07T14:35:02","modified_gmt":"2026-02-07T11:35:02","slug":"soke-1970den-super-lige-transfer-olan-dagbasina-baskan-arikandan-tebrik","status":"publish","type":"post","link":"https:\/\/www.egemtv.com\/?p=86066","title":{"rendered":"S\u00f6ke 1970\u2019den S\u00fcper Lig\u2019e transfer olan Da\u011fba\u015f\u0131\u2019na Ba\u015fkan Ar\u0131kan\u2019dan tebrik"},"content":{"rendered":"<p>S\u00f6ke 1970 formas\u0131yla bu sezon sergiledi\u011fi ba\u015far\u0131l\u0131 performansla dikkatleri \u00fczerine \u00e7eken 21 ya\u015f\u0131ndaki stoper Ahmet Talha Da\u011fba\u015f\u0131, S\u00fcper Lig ekiplerinden Kas\u0131mpa\u015fa\u2019ya transfer oldu. TFF 3. Lig\u2019den T\u00fcrkiye S\u00fcper Ligi\u2019ne uzanan bu \u00f6nemli transfer, S\u00f6ke ve Ayd\u0131n spor camias\u0131nda b\u00fcy\u00fck gurur olu\u015fturdu.<\/p>\n<p>Gen\u00e7 futbolcu Ahmet Talha Da\u011fba\u015f\u0131 ve babas\u0131 Osman Da\u011fba\u015f\u0131 , S\u00f6ke 1970 SK Kul\u00fcp Ba\u015fkan\u0131 Mahmut G\u00f6z\u00fca\u00e7\u0131k, kul\u00fcp y\u00f6neticisi Keramettin Temiz ve Sportif Direkt\u00f6r Serdar Sabuncu ile birlikte S\u00f6ke Belediye Ba\u015fkan\u0131 Dr. Mustafa \u0130berya Ar\u0131kan\u2019\u0131 makam\u0131nda ziyaret etti. Ba\u015fkan Ar\u0131kan, ba\u015far\u0131l\u0131 futbolcuyu tebrik ederek yeni tak\u0131m\u0131nda ba\u015far\u0131lar diledi. Bu bulu\u015fmada S\u00f6ke Belediye Meclis \u00dcyeleri \u015eakir G\u00fclmez ve Muharrem \u00d6zcan ile Belediye Ba\u015fkan Yard\u0131mc\u0131s\u0131 Ahmet Evin de haz\u0131r bulundu.<br \/>\n<br \/>Ba\u015fkan Ar\u0131kan, &#8220;S\u00f6ke 1970 formas\u0131yla g\u00f6sterdi\u011fi performans\u0131 ile dikkat \u00e7eken, Ayd\u0131n\u0131m\u0131zdan yeti\u015fen bir karde\u015fimizin S\u00fcper Lig\u2019e transfer olmas\u0131 hepimiz i\u00e7in b\u00fcy\u00fck bir gurur kayna\u011f\u0131d\u0131r. Ahmet Talha\u2019n\u0131n bu ba\u015far\u0131s\u0131, gen\u00e7lerimize de ilham olacakt\u0131r. Kendisinin yolunun a\u00e7\u0131k olmas\u0131n\u0131 diliyor, Kas\u0131mpa\u015fa formas\u0131 alt\u0131nda ba\u015far\u0131lar temenni ediyorum&#8221; dedi.<\/p>\n<p>Ahmet Talha Da\u011fba\u015f\u0131\u2019n\u0131n S\u00fcper Lig\u2019e uzanan bu ba\u015far\u0131s\u0131n\u0131n, S\u00f6ke\u2019de altyap\u0131dan yeti\u015fen sporcular i\u00e7in \u00f6nemli bir \u00f6rnek te\u015fkil etti\u011fi vurguland\u0131.<br \/><\/p>\n","protected":false},"excerpt":{"rendered":"<p>S\u00f6ke 1970 formas\u0131yla bu sezon sergiledi\u011fi ba\u015far\u0131l\u0131 performansla dikkatleri \u00fczerine \u00e7eken 21 ya\u015f\u0131ndaki stoper Ahmet Talha Da\u011fba\u015f\u0131, S\u00fcper Lig ekiplerinden Kas\u0131mpa\u015fa\u2019ya transfer oldu. TFF 3. Lig\u2019den T\u00fcrkiye S\u00fcper Ligi\u2019ne uzanan bu \u00f6nemli transfer, S\u00f6ke ve Ayd\u0131n spor camias\u0131nda b\u00fcy\u00fck gurur olu\u015fturdu. Gen\u00e7 futbolcu Ahmet Talha Da\u011fba\u015f\u0131 ve babas\u0131 Osman Da\u011fba\u015f\u0131 , S\u00f6ke 1970 SK Kul\u00fcp&#8230;<\/p>\n","protected":false},"author":1,"featured_media":86067,"comment_status":"open","ping_status":"open","sticky":false,"template":"","format":"standard","meta":{"_crdt_document":"","footnotes":""},"categories":[4],"tags":[],"class_list":["post-86066","post","type-post","status-publish","format-standard","has-post-thumbnail","hentry","category-spor"],"_links":{"self":[{"href":"https:\/\/www.egemtv.com\/index.php?rest_route=\/wp\/v2\/posts\/86066","targetHints":{"allow":["GET"]}}],"collection":[{"href":"https:\/\/www.egemtv.com\/index.php?rest_route=\/wp\/v2\/posts"}],"about":[{"href":"https:\/\/www.egemtv.com\/index.php?rest_route=\/wp\/v2\/types\/post"}],"author":[{"embeddable":true,"href":"https:\/\/www.egemtv.com\/index.php?rest_route=\/wp\/v2\/users\/1"}],"replies":[{"embeddable":true,"href":"https:\/\/www.egemtv.com\/index.php?rest_route=%2Fwp%2Fv2%2Fcomments&post=86066"}],"version-history":[{"count":1,"href":"https:\/\/www.egemtv.com\/index.php?rest_route=\/wp\/v2\/posts\/86066\/revisions"}],"predecessor-version":[{"id":86068,"href":"https:\/\/www.egemtv.com\/index.php?rest_route=\/wp\/v2\/posts\/86066\/revisions\/86068"}],"wp:featuredmedia":[{"embeddable":true,"href":"https:\/\/www.egemtv.com\/index.php?rest_route=\/wp\/v2\/media\/86067"}],"wp:attachment":[{"href":"https:\/\/www.egemtv.com\/index.php?rest_route=%2Fwp%2Fv2%2Fmedia&parent=86066"}],"wp:term":[{"taxonomy":"category","embeddable":true,"href":"https:\/\/www.egemtv.com\/index.php?rest_route=%2Fwp%2Fv2%2Fcategories&post=86066"},{"taxonomy":"post_tag","embeddable":true,"href":"https:\/\/www.egemtv.com\/index.php?rest_route=%2Fwp%2Fv2%2Ftags&post=86066"}],"curies":[{"name":"wp","href":"https:\/\/api.w.org\/{rel}","templated":true}]}}