{"id":86060,"date":"2026-02-07T13:15:38","date_gmt":"2026-02-07T10:15:38","guid":{"rendered":"https:\/\/www.egemtv.com\/?p=86060"},"modified":"2026-02-07T13:15:39","modified_gmt":"2026-02-07T10:15:39","slug":"odemis-salihli-yolunda-heyelan","status":"publish","type":"post","link":"https:\/\/www.egemtv.com\/?p=86060","title":{"rendered":"\u00d6demi\u015f-Salihli yolunda heyelan"},"content":{"rendered":"<p>\u0130zmir\u2019in \u00d6demi\u015f il\u00e7esinde etkili olan \u015fiddetli ya\u011f\u0131\u015f sonras\u0131 meydana gelen heyelan nedeniyle ula\u015f\u0131ma kapanan \u00d6demi\u015f-Salihli yolu, ekiplerin \u00e7al\u0131\u015fmas\u0131 sonucu yeniden trafi\u011fe a\u00e7\u0131ld\u0131.<br \/>\n<br \/>Edinilen bilgiye g\u00f6re, sabah saat 06.00 s\u0131ralar\u0131nda \u00d6demi\u015f-Salihli yolunun 2\u2019nci kilometresinde heyelan meydana geldi. B\u00f6lgede etkisini g\u00f6steren sa\u011fanak ya\u011f\u0131\u015f, toprak kaymas\u0131na neden oldu. Heyelan sebebiyle yol trafi\u011fe kapan\u0131rken, ihbar \u00fczerine b\u00f6lgeye Karayollar\u0131 ekipleri sevk edildi. Olayda can kayb\u0131 ya\u015fanmazken, ekiplerin b\u00f6lgede yapt\u0131\u011f\u0131 temizleme \u00e7al\u0131\u015fmalar\u0131n\u0131n ard\u0131ndan yakla\u015f\u0131k 3 saat sonra yol yeniden trafi\u011fe a\u00e7\u0131ld\u0131.<br \/><\/p>\n","protected":false},"excerpt":{"rendered":"<p>\u0130zmir\u2019in \u00d6demi\u015f il\u00e7esinde etkili olan \u015fiddetli ya\u011f\u0131\u015f sonras\u0131 meydana gelen heyelan nedeniyle ula\u015f\u0131ma kapanan \u00d6demi\u015f-Salihli yolu, ekiplerin \u00e7al\u0131\u015fmas\u0131 sonucu yeniden trafi\u011fe a\u00e7\u0131ld\u0131. Edinilen bilgiye g\u00f6re, sabah saat 06.00 s\u0131ralar\u0131nda \u00d6demi\u015f-Salihli yolunun 2\u2019nci kilometresinde heyelan meydana geldi. B\u00f6lgede etkisini g\u00f6steren sa\u011fanak ya\u011f\u0131\u015f, toprak kaymas\u0131na neden oldu. Heyelan sebebiyle yol trafi\u011fe kapan\u0131rken, ihbar \u00fczerine b\u00f6lgeye Karayollar\u0131 ekipleri&#8230;<\/p>\n","protected":false},"author":1,"featured_media":86061,"comment_status":"open","ping_status":"open","sticky":false,"template":"","format":"standard","meta":{"_crdt_document":"","footnotes":""},"categories":[5],"tags":[],"class_list":["post-86060","post","type-post","status-publish","format-standard","has-post-thumbnail","hentry","category-asayis"],"_links":{"self":[{"href":"https:\/\/www.egemtv.com\/index.php?rest_route=\/wp\/v2\/posts\/86060","targetHints":{"allow":["GET"]}}],"collection":[{"href":"https:\/\/www.egemtv.com\/index.php?rest_route=\/wp\/v2\/posts"}],"about":[{"href":"https:\/\/www.egemtv.com\/index.php?rest_route=\/wp\/v2\/types\/post"}],"author":[{"embeddable":true,"href":"https:\/\/www.egemtv.com\/index.php?rest_route=\/wp\/v2\/users\/1"}],"replies":[{"embeddable":true,"href":"https:\/\/www.egemtv.com\/index.php?rest_route=%2Fwp%2Fv2%2Fcomments&post=86060"}],"version-history":[{"count":1,"href":"https:\/\/www.egemtv.com\/index.php?rest_route=\/wp\/v2\/posts\/86060\/revisions"}],"predecessor-version":[{"id":86062,"href":"https:\/\/www.egemtv.com\/index.php?rest_route=\/wp\/v2\/posts\/86060\/revisions\/86062"}],"wp:featuredmedia":[{"embeddable":true,"href":"https:\/\/www.egemtv.com\/index.php?rest_route=\/wp\/v2\/media\/86061"}],"wp:attachment":[{"href":"https:\/\/www.egemtv.com\/index.php?rest_route=%2Fwp%2Fv2%2Fmedia&parent=86060"}],"wp:term":[{"taxonomy":"category","embeddable":true,"href":"https:\/\/www.egemtv.com\/index.php?rest_route=%2Fwp%2Fv2%2Fcategories&post=86060"},{"taxonomy":"post_tag","embeddable":true,"href":"https:\/\/www.egemtv.com\/index.php?rest_route=%2Fwp%2Fv2%2Ftags&post=86060"}],"curies":[{"name":"wp","href":"https:\/\/api.w.org\/{rel}","templated":true}]}}