{"id":86057,"date":"2026-02-07T12:54:44","date_gmt":"2026-02-07T09:54:44","guid":{"rendered":"https:\/\/www.egemtv.com\/?p=86057"},"modified":"2026-02-07T12:54:45","modified_gmt":"2026-02-07T09:54:45","slug":"burdurda-iki-tir-kafa-kafaya-carpisti-1i-agir-2-yarali","status":"publish","type":"post","link":"https:\/\/www.egemtv.com\/?p=86057","title":{"rendered":"Burdur\u2019da iki t\u0131r kafa kafaya \u00e7arp\u0131\u015ft\u0131: 1\u2019i a\u011f\u0131r 2 yaral\u0131"},"content":{"rendered":"<p>Burdur\u2019da iki t\u0131r\u0131n kafa kafaya \u00e7arp\u0131\u015fmas\u0131 sonucu meydana gelen trafik kazas\u0131nda biri a\u011f\u0131r 2 ki\u015fi yaraland\u0131.<br \/>\n<br \/>Kaza, saat 10.45 s\u0131ralar\u0131nda Bucak il\u00e7esi Karg\u0131 k\u00f6y\u00fc mevkii Isparta-Antalya kara yolunda meydana geldi. Edinilen bilgilere g\u00f6re, M.\u00d6. (46) idaresindeki 32 AFL 499 plakal\u0131 t\u0131r ile K.V. (41) y\u00f6netimindeki 41 AFU 212 plakal\u0131 t\u0131r kafa kafaya \u00e7arp\u0131\u015ft\u0131. Kazada her iki t\u0131r s\u00fcr\u00fcc\u00fcs\u00fc de yaraland\u0131. \u0130hbar \u00fczerine b\u00f6lgeye itfaiye, sa\u011fl\u0131k ve jandarma ekibi sevk edildi. Yaral\u0131 s\u00fcr\u00fcc\u00fcler sa\u011fl\u0131k ekipleri taraf\u0131ndan yap\u0131lan ilk m\u00fcdahalenin ard\u0131ndan ambulanslarla Bucak Devlet Hastanesine kald\u0131r\u0131ld\u0131. Yaral\u0131lardan M.\u00d6.\u2019n\u00fcn hayati tehlikesinin bulundu\u011fu \u00f6\u011frenilirken kaza nedeniyle kapanan yok t\u0131rlar\u0131n kald\u0131r\u0131lmas\u0131n\u0131n ard\u0131ndan yeniden trafi\u011fe a\u00e7\u0131ld\u0131.<br \/>\n<br \/>Kazayla ilgili soru\u015fturma ba\u015flat\u0131ld\u0131.<br \/><\/p>\n","protected":false},"excerpt":{"rendered":"<p>Burdur\u2019da iki t\u0131r\u0131n kafa kafaya \u00e7arp\u0131\u015fmas\u0131 sonucu meydana gelen trafik kazas\u0131nda biri a\u011f\u0131r 2 ki\u015fi yaraland\u0131. Kaza, saat 10.45 s\u0131ralar\u0131nda Bucak il\u00e7esi Karg\u0131 k\u00f6y\u00fc mevkii Isparta-Antalya kara yolunda meydana geldi. Edinilen bilgilere g\u00f6re, M.\u00d6. (46) idaresindeki 32 AFL 499 plakal\u0131 t\u0131r ile K.V. (41) y\u00f6netimindeki 41 AFU 212 plakal\u0131 t\u0131r kafa kafaya \u00e7arp\u0131\u015ft\u0131. Kazada her&#8230;<\/p>\n","protected":false},"author":1,"featured_media":86058,"comment_status":"open","ping_status":"open","sticky":false,"template":"","format":"standard","meta":{"_crdt_document":"","footnotes":""},"categories":[5],"tags":[],"class_list":["post-86057","post","type-post","status-publish","format-standard","has-post-thumbnail","hentry","category-asayis"],"_links":{"self":[{"href":"https:\/\/www.egemtv.com\/index.php?rest_route=\/wp\/v2\/posts\/86057","targetHints":{"allow":["GET"]}}],"collection":[{"href":"https:\/\/www.egemtv.com\/index.php?rest_route=\/wp\/v2\/posts"}],"about":[{"href":"https:\/\/www.egemtv.com\/index.php?rest_route=\/wp\/v2\/types\/post"}],"author":[{"embeddable":true,"href":"https:\/\/www.egemtv.com\/index.php?rest_route=\/wp\/v2\/users\/1"}],"replies":[{"embeddable":true,"href":"https:\/\/www.egemtv.com\/index.php?rest_route=%2Fwp%2Fv2%2Fcomments&post=86057"}],"version-history":[{"count":1,"href":"https:\/\/www.egemtv.com\/index.php?rest_route=\/wp\/v2\/posts\/86057\/revisions"}],"predecessor-version":[{"id":86059,"href":"https:\/\/www.egemtv.com\/index.php?rest_route=\/wp\/v2\/posts\/86057\/revisions\/86059"}],"wp:featuredmedia":[{"embeddable":true,"href":"https:\/\/www.egemtv.com\/index.php?rest_route=\/wp\/v2\/media\/86058"}],"wp:attachment":[{"href":"https:\/\/www.egemtv.com\/index.php?rest_route=%2Fwp%2Fv2%2Fmedia&parent=86057"}],"wp:term":[{"taxonomy":"category","embeddable":true,"href":"https:\/\/www.egemtv.com\/index.php?rest_route=%2Fwp%2Fv2%2Fcategories&post=86057"},{"taxonomy":"post_tag","embeddable":true,"href":"https:\/\/www.egemtv.com\/index.php?rest_route=%2Fwp%2Fv2%2Ftags&post=86057"}],"curies":[{"name":"wp","href":"https:\/\/api.w.org\/{rel}","templated":true}]}}