{"id":86051,"date":"2026-02-07T12:34:53","date_gmt":"2026-02-07T09:34:53","guid":{"rendered":"https:\/\/www.egemtv.com\/?p=86051"},"modified":"2026-02-07T12:34:54","modified_gmt":"2026-02-07T09:34:54","slug":"imam-hatip-liseleri-erkek-ogrenciler-arasi-duzenlenen-yarisma-sona-erdi","status":"publish","type":"post","link":"https:\/\/www.egemtv.com\/?p=86051","title":{"rendered":"\u0130mam Hatip Liseleri erkek \u00f6\u011frenciler aras\u0131 d\u00fczenlenen yar\u0131\u015fma sona erdi"},"content":{"rendered":"<p>Afyonkarahisar\u2019da \u0130mam Hatip Liseleri erkek \u00f6\u011frenciler aras\u0131 d\u00fczenlenen \u2019Haf\u0131zl\u0131k, Ezan Okuma, Kuran\u0131 G\u00fczel Okuma ve Hutbe Okuma Yar\u0131\u015fmalar\u0131\u2019 sona erdi.<br \/>\n<br \/>Yar\u0131\u015fma Anadolu \u0130mam Hatip Lisesi koordinat\u00f6rl\u00fc\u011f\u00fcnde ger\u00e7ekle\u015ftirildi. Yar\u0131\u015fman\u0131n final program\u0131 \u0130mam Hatip Camisinde yap\u0131ld\u0131. Programa \u0130l Milli E\u011fitim M\u00fcd\u00fcr\u00fc Mira\u00e7 S\u00fcnnetci, \u0130l Gen\u00e7lik ve Spor M\u00fcd\u00fcr\u00fc Nedim Aslan, okul y\u00f6neticileri, \u00f6\u011fretmen ve \u00f6\u011frenciler kat\u0131ld\u0131.<br \/>\n<br \/>Programda dereceye giren \u00f6\u011frencilere \u00f6d\u00fclleri S\u00fcnnetci ve protokol \u00fcyeleri taraf\u0131ndan takdim edildi.<br \/><\/p>\n","protected":false},"excerpt":{"rendered":"<p>Afyonkarahisar\u2019da \u0130mam Hatip Liseleri erkek \u00f6\u011frenciler aras\u0131 d\u00fczenlenen \u2019Haf\u0131zl\u0131k, Ezan Okuma, Kuran\u0131 G\u00fczel Okuma ve Hutbe Okuma Yar\u0131\u015fmalar\u0131\u2019 sona erdi. Yar\u0131\u015fma Anadolu \u0130mam Hatip Lisesi koordinat\u00f6rl\u00fc\u011f\u00fcnde ger\u00e7ekle\u015ftirildi. Yar\u0131\u015fman\u0131n final program\u0131 \u0130mam Hatip Camisinde yap\u0131ld\u0131. Programa \u0130l Milli E\u011fitim M\u00fcd\u00fcr\u00fc Mira\u00e7 S\u00fcnnetci, \u0130l Gen\u00e7lik ve Spor M\u00fcd\u00fcr\u00fc Nedim Aslan, okul y\u00f6neticileri, \u00f6\u011fretmen ve \u00f6\u011frenciler kat\u0131ld\u0131. Programda&#8230;<\/p>\n","protected":false},"author":1,"featured_media":86052,"comment_status":"open","ping_status":"open","sticky":false,"template":"","format":"standard","meta":{"_crdt_document":"","footnotes":""},"categories":[1],"tags":[],"class_list":["post-86051","post","type-post","status-publish","format-standard","has-post-thumbnail","hentry","category-guncel"],"_links":{"self":[{"href":"https:\/\/www.egemtv.com\/index.php?rest_route=\/wp\/v2\/posts\/86051","targetHints":{"allow":["GET"]}}],"collection":[{"href":"https:\/\/www.egemtv.com\/index.php?rest_route=\/wp\/v2\/posts"}],"about":[{"href":"https:\/\/www.egemtv.com\/index.php?rest_route=\/wp\/v2\/types\/post"}],"author":[{"embeddable":true,"href":"https:\/\/www.egemtv.com\/index.php?rest_route=\/wp\/v2\/users\/1"}],"replies":[{"embeddable":true,"href":"https:\/\/www.egemtv.com\/index.php?rest_route=%2Fwp%2Fv2%2Fcomments&post=86051"}],"version-history":[{"count":1,"href":"https:\/\/www.egemtv.com\/index.php?rest_route=\/wp\/v2\/posts\/86051\/revisions"}],"predecessor-version":[{"id":86053,"href":"https:\/\/www.egemtv.com\/index.php?rest_route=\/wp\/v2\/posts\/86051\/revisions\/86053"}],"wp:featuredmedia":[{"embeddable":true,"href":"https:\/\/www.egemtv.com\/index.php?rest_route=\/wp\/v2\/media\/86052"}],"wp:attachment":[{"href":"https:\/\/www.egemtv.com\/index.php?rest_route=%2Fwp%2Fv2%2Fmedia&parent=86051"}],"wp:term":[{"taxonomy":"category","embeddable":true,"href":"https:\/\/www.egemtv.com\/index.php?rest_route=%2Fwp%2Fv2%2Fcategories&post=86051"},{"taxonomy":"post_tag","embeddable":true,"href":"https:\/\/www.egemtv.com\/index.php?rest_route=%2Fwp%2Fv2%2Ftags&post=86051"}],"curies":[{"name":"wp","href":"https:\/\/api.w.org\/{rel}","templated":true}]}}