{"id":85958,"date":"2026-02-06T19:17:19","date_gmt":"2026-02-06T16:17:19","guid":{"rendered":"https:\/\/www.egemtv.com\/?p=85958"},"modified":"2026-02-06T19:17:20","modified_gmt":"2026-02-06T16:17:20","slug":"fren-yerine-gaza-basinca-sitenin-bahcesine-yuvarlandi","status":"publish","type":"post","link":"https:\/\/www.egemtv.com\/?p=85958","title":{"rendered":"Fren yerine gaza bas\u0131nca, sitenin bah\u00e7esine yuvarland\u0131"},"content":{"rendered":"<p>Ayd\u0131n\u2019\u0131n Ku\u015fadas\u0131 il\u00e7esinde iddiaya g\u00f6re s\u00fcr\u00fcc\u00fcn\u00fcn fren yerine gaza basmas\u0131 sonucu kontrolden \u00e7\u0131kan ara\u00e7 bir sitenin bah\u00e7esine yuvarland\u0131.<\/p>\n<p>Kaza, Hac\u0131feyzullah Mahallesi Serkan Alt\u0131nkaynak Caddesi \u00fczerinde saat 17.00 s\u0131ralar\u0131nda meydana geldi. Edinilen bilgiye g\u00f6re, C. Yavuz\u2019un kulland\u0131\u011f\u0131 09 APF 227 plakal\u0131 ara\u00e7, s\u00fcr\u00fcc\u00fcn\u00fcn fren yerine gaza basmas\u0131 sonucu kontrolden \u00e7\u0131kt\u0131. Kontrolden \u00e7\u0131kan ara\u00e7 yol kenar\u0131nda bulunan bir sitenin i\u00e7erisine d\u00fc\u015ft\u00fc. Olay\u0131n ard\u0131ndan \u00e7evredeki vatanda\u015flar durumu 112 Acil \u00c7a\u011fr\u0131 Merkezine bildirdi. \u0130hbar \u00fczerine kaza yerine polis, itfaiye ve sa\u011fl\u0131k ekipleri sevk edildi. Kazada maddi hasar meydana gelirken, \u015fans eseri \u00f6len ya da yaralanan olmad\u0131.<\/p>\n<p>Kazayla ilgili inceleme ba\u015flat\u0131ld\u0131.<br \/><\/p>\n","protected":false},"excerpt":{"rendered":"<p>Ayd\u0131n\u2019\u0131n Ku\u015fadas\u0131 il\u00e7esinde iddiaya g\u00f6re s\u00fcr\u00fcc\u00fcn\u00fcn fren yerine gaza basmas\u0131 sonucu kontrolden \u00e7\u0131kan ara\u00e7 bir sitenin bah\u00e7esine yuvarland\u0131. Kaza, Hac\u0131feyzullah Mahallesi Serkan Alt\u0131nkaynak Caddesi \u00fczerinde saat 17.00 s\u0131ralar\u0131nda meydana geldi. Edinilen bilgiye g\u00f6re, C. Yavuz\u2019un kulland\u0131\u011f\u0131 09 APF 227 plakal\u0131 ara\u00e7, s\u00fcr\u00fcc\u00fcn\u00fcn fren yerine gaza basmas\u0131 sonucu kontrolden \u00e7\u0131kt\u0131. Kontrolden \u00e7\u0131kan ara\u00e7 yol kenar\u0131nda bulunan&#8230;<\/p>\n","protected":false},"author":1,"featured_media":85959,"comment_status":"open","ping_status":"open","sticky":false,"template":"","format":"standard","meta":{"_crdt_document":"","footnotes":""},"categories":[5],"tags":[],"class_list":["post-85958","post","type-post","status-publish","format-standard","has-post-thumbnail","hentry","category-asayis"],"_links":{"self":[{"href":"https:\/\/www.egemtv.com\/index.php?rest_route=\/wp\/v2\/posts\/85958","targetHints":{"allow":["GET"]}}],"collection":[{"href":"https:\/\/www.egemtv.com\/index.php?rest_route=\/wp\/v2\/posts"}],"about":[{"href":"https:\/\/www.egemtv.com\/index.php?rest_route=\/wp\/v2\/types\/post"}],"author":[{"embeddable":true,"href":"https:\/\/www.egemtv.com\/index.php?rest_route=\/wp\/v2\/users\/1"}],"replies":[{"embeddable":true,"href":"https:\/\/www.egemtv.com\/index.php?rest_route=%2Fwp%2Fv2%2Fcomments&post=85958"}],"version-history":[{"count":1,"href":"https:\/\/www.egemtv.com\/index.php?rest_route=\/wp\/v2\/posts\/85958\/revisions"}],"predecessor-version":[{"id":85960,"href":"https:\/\/www.egemtv.com\/index.php?rest_route=\/wp\/v2\/posts\/85958\/revisions\/85960"}],"wp:featuredmedia":[{"embeddable":true,"href":"https:\/\/www.egemtv.com\/index.php?rest_route=\/wp\/v2\/media\/85959"}],"wp:attachment":[{"href":"https:\/\/www.egemtv.com\/index.php?rest_route=%2Fwp%2Fv2%2Fmedia&parent=85958"}],"wp:term":[{"taxonomy":"category","embeddable":true,"href":"https:\/\/www.egemtv.com\/index.php?rest_route=%2Fwp%2Fv2%2Fcategories&post=85958"},{"taxonomy":"post_tag","embeddable":true,"href":"https:\/\/www.egemtv.com\/index.php?rest_route=%2Fwp%2Fv2%2Ftags&post=85958"}],"curies":[{"name":"wp","href":"https:\/\/api.w.org\/{rel}","templated":true}]}}