{"id":85955,"date":"2026-02-06T18:34:53","date_gmt":"2026-02-06T15:34:53","guid":{"rendered":"https:\/\/www.egemtv.com\/?p=85955"},"modified":"2026-02-06T18:34:54","modified_gmt":"2026-02-06T15:34:54","slug":"izmirde-otomobil-dereye-uctu-2-kiz-kardes-hayatini-kaybetti","status":"publish","type":"post","link":"https:\/\/www.egemtv.com\/?p=85955","title":{"rendered":"\u0130zmir\u2019de otomobil dereye u\u00e7tu: 2 k\u0131z karde\u015f hayat\u0131n\u0131 kaybetti"},"content":{"rendered":"<p>\u0130zmir\u2019in Menderes il\u00e7esinde kontrolden \u00e7\u0131kan otomobilin dere yata\u011f\u0131na devrilmesi sonucu meydana gelen kazada 2 k\u0131z karde\u015f hayat\u0131n\u0131 kaybetti. Kazadan sa\u011f kurtulan di\u011fer 2 ki\u015finin ise aranmalar\u0131 oldu\u011fu gerek\u00e7esiyle olay yerinden ka\u00e7t\u0131\u011f\u0131 iddia edildi.<br \/>\n<br \/>Olay, d\u00fcn ak\u015fam saatlerinde Menderes il\u00e7esinde meydana geldi. Edinilen bilgiye g\u00f6re, seyir halindeki 35 CPV 616 plakal\u0131 otomobil, hen\u00fcz belirlenemeyen bir nedenle kontrolden \u00e7\u0131karak dere yata\u011f\u0131na u\u00e7tu. Kazan\u0131n ya\u015fand\u0131\u011f\u0131 b\u00f6lgenin tenha olmas\u0131 nedeniyle olay an\u0131nda fark edilmeyen ara\u00e7, bug\u00fcn yap\u0131lan ihbar \u00fczerine jandarma ve sa\u011fl\u0131k ekipleri taraf\u0131ndan bulundu. Olay yerine gelen sa\u011fl\u0131k ekiplerinin yapt\u0131\u011f\u0131 kontrollerde, ara\u00e7 i\u00e7erisinde bulunan Nergiz T. (21) ve karde\u015fi B.T.\u2019nin (16) hayat\u0131n\u0131 kaybetti\u011fi belirlendi.<br \/>\n<br \/>\u00d6te yandan, ara\u00e7ta bulunan ve kazadan sa\u011f kurtulan D.Y. (28) ile T.D.\u2019nin (33), \u00e7e\u015fitli su\u00e7lardan aranmalar\u0131 bulundu\u011fu i\u00e7in olay yerini terk ederek ka\u00e7t\u0131klar\u0131 \u00f6ne s\u00fcr\u00fcld\u00fc. \u0130lk etapta arac\u0131n sel sular\u0131na kap\u0131ld\u0131\u011f\u0131 y\u00f6n\u00fcndeki iddialar\u0131n aksine, yap\u0131lan incelemelerde olay\u0131n \u015f\u00fcpheli bir trafik kazas\u0131 oldu\u011fu tespit edildi.<br \/>\n<br \/>Kazayla ilgili ba\u015flat\u0131lan soru\u015fturma s\u00fcr\u00fcyor.<br \/><\/p>\n","protected":false},"excerpt":{"rendered":"<p>\u0130zmir\u2019in Menderes il\u00e7esinde kontrolden \u00e7\u0131kan otomobilin dere yata\u011f\u0131na devrilmesi sonucu meydana gelen kazada 2 k\u0131z karde\u015f hayat\u0131n\u0131 kaybetti. Kazadan sa\u011f kurtulan di\u011fer 2 ki\u015finin ise aranmalar\u0131 oldu\u011fu gerek\u00e7esiyle olay yerinden ka\u00e7t\u0131\u011f\u0131 iddia edildi. Olay, d\u00fcn ak\u015fam saatlerinde Menderes il\u00e7esinde meydana geldi. Edinilen bilgiye g\u00f6re, seyir halindeki 35 CPV 616 plakal\u0131 otomobil, hen\u00fcz belirlenemeyen bir nedenle&#8230;<\/p>\n","protected":false},"author":1,"featured_media":85956,"comment_status":"open","ping_status":"open","sticky":false,"template":"","format":"standard","meta":{"_crdt_document":"","footnotes":""},"categories":[5],"tags":[],"class_list":["post-85955","post","type-post","status-publish","format-standard","has-post-thumbnail","hentry","category-asayis"],"_links":{"self":[{"href":"https:\/\/www.egemtv.com\/index.php?rest_route=\/wp\/v2\/posts\/85955","targetHints":{"allow":["GET"]}}],"collection":[{"href":"https:\/\/www.egemtv.com\/index.php?rest_route=\/wp\/v2\/posts"}],"about":[{"href":"https:\/\/www.egemtv.com\/index.php?rest_route=\/wp\/v2\/types\/post"}],"author":[{"embeddable":true,"href":"https:\/\/www.egemtv.com\/index.php?rest_route=\/wp\/v2\/users\/1"}],"replies":[{"embeddable":true,"href":"https:\/\/www.egemtv.com\/index.php?rest_route=%2Fwp%2Fv2%2Fcomments&post=85955"}],"version-history":[{"count":1,"href":"https:\/\/www.egemtv.com\/index.php?rest_route=\/wp\/v2\/posts\/85955\/revisions"}],"predecessor-version":[{"id":85957,"href":"https:\/\/www.egemtv.com\/index.php?rest_route=\/wp\/v2\/posts\/85955\/revisions\/85957"}],"wp:featuredmedia":[{"embeddable":true,"href":"https:\/\/www.egemtv.com\/index.php?rest_route=\/wp\/v2\/media\/85956"}],"wp:attachment":[{"href":"https:\/\/www.egemtv.com\/index.php?rest_route=%2Fwp%2Fv2%2Fmedia&parent=85955"}],"wp:term":[{"taxonomy":"category","embeddable":true,"href":"https:\/\/www.egemtv.com\/index.php?rest_route=%2Fwp%2Fv2%2Fcategories&post=85955"},{"taxonomy":"post_tag","embeddable":true,"href":"https:\/\/www.egemtv.com\/index.php?rest_route=%2Fwp%2Fv2%2Ftags&post=85955"}],"curies":[{"name":"wp","href":"https:\/\/api.w.org\/{rel}","templated":true}]}}