{"id":85952,"date":"2026-02-06T17:54:49","date_gmt":"2026-02-06T14:54:49","guid":{"rendered":"https:\/\/www.egemtv.com\/?p=85952"},"modified":"2026-02-06T17:54:50","modified_gmt":"2026-02-06T14:54:50","slug":"koskte-6-subat-depremlerinde-hayatini-kaybedenler-icin-lokma-hayri-yapildi","status":"publish","type":"post","link":"https:\/\/www.egemtv.com\/?p=85952","title":{"rendered":"K\u00f6\u015fk\u2019te 6 \u015eubat depremlerinde hayat\u0131n\u0131 kaybedenler i\u00e7in lokma hayr\u0131 yap\u0131ld\u0131"},"content":{"rendered":"<p>Ayd\u0131n\u2019\u0131n K\u00f6\u015fk il\u00e7esinde 6 \u015eubat 2023 tarihinde meydana gelen Kahramanmara\u015f merkezli 11 ilimizi etkileyen asr\u0131n depreminin 3. y\u0131l\u0131nda hayat\u0131n\u0131 kaybeden deprem \u015fehitleri \u0130l\u00e7e Milli E\u011fitim M\u00fcd\u00fcrl\u00fc\u011f\u00fc taraf\u0131ndan unutulmad\u0131.<\/p>\n<p>K\u00f6\u015fk Kaymakaml\u0131\u011f\u0131 ve K\u00f6\u015fk Milli E\u011fitim M\u00fcd\u00fcrl\u00fc\u011f\u00fc himayesinde K\u00f6\u015fk Mesleki ve Teknik Anadolu Lisesi taraf\u0131ndan okul bah\u00e7esinde Cuma namaz\u0131 \u00f6ncesinde 6 \u015eubat Depreminde hayat\u0131n\u0131 kaybeden vatanda\u015flar\u0131 anmak amac\u0131yla Mevlid-i \u015eerif okundu ard\u0131ndan da lokma hayr\u0131nda bulunuldu.<\/p>\n<p>Lokma Hayr\u0131na, K\u00f6\u015fk Kaymakam\u0131 Hasan Ta\u015f, Belediye Ba\u015fkan\u0131 Nuri G\u00fcler, \u0130l\u00e7e Milli E\u011fitim M\u00fcd\u00fcr\u00fc Selim Karata\u015f, K\u00f6\u015fk Mesleki ve Teknik Anadolu Lisesi M\u00fcd\u00fcr\u00fc Fatih Keyik ve Okul M\u00fcd\u00fcr Yard\u0131mc\u0131lar\u0131  Alev Ayd\u0131n, Yusuf Aks\u00fct, Emine Seyithano\u011flu, \u00f6\u011frenciler, \u00f6\u011fretmenler ve vatanda\u015flar kat\u0131ld\u0131.<\/p>\n<p>K\u00f6\u015fk kaymakam\u0131 Hasan Ta\u015f, 6 \u015eubat Depremi anma ve lokma hayr\u0131 etkinli\u011finde; &#8220;\u00dclkemizi derinden etkileyen felaketin \u00fc\u00e7\u00fcnc\u00fc y\u0131l\u0131n\u0131n geride b\u0131rak\u0131ld\u0131\u011f\u0131n\u0131 ifade ederek, hayat\u0131n\u0131 kaybeden deprem \u015fehitlerini rahmetle yad ettiklerini belirtti.  Bir daha bu t\u00fcr afetlerin ya\u015fanmamas\u0131 temennisinde bulundu&#8221; ifadelerini kulland\u0131.<br \/><\/p>\n","protected":false},"excerpt":{"rendered":"<p>Ayd\u0131n\u2019\u0131n K\u00f6\u015fk il\u00e7esinde 6 \u015eubat 2023 tarihinde meydana gelen Kahramanmara\u015f merkezli 11 ilimizi etkileyen asr\u0131n depreminin 3. y\u0131l\u0131nda hayat\u0131n\u0131 kaybeden deprem \u015fehitleri \u0130l\u00e7e Milli E\u011fitim M\u00fcd\u00fcrl\u00fc\u011f\u00fc taraf\u0131ndan unutulmad\u0131. K\u00f6\u015fk Kaymakaml\u0131\u011f\u0131 ve K\u00f6\u015fk Milli E\u011fitim M\u00fcd\u00fcrl\u00fc\u011f\u00fc himayesinde K\u00f6\u015fk Mesleki ve Teknik Anadolu Lisesi taraf\u0131ndan okul bah\u00e7esinde Cuma namaz\u0131 \u00f6ncesinde 6 \u015eubat Depreminde hayat\u0131n\u0131 kaybeden vatanda\u015flar\u0131 anmak&#8230;<\/p>\n","protected":false},"author":1,"featured_media":85953,"comment_status":"open","ping_status":"open","sticky":false,"template":"","format":"standard","meta":{"_crdt_document":"","footnotes":""},"categories":[1],"tags":[],"class_list":["post-85952","post","type-post","status-publish","format-standard","has-post-thumbnail","hentry","category-guncel"],"_links":{"self":[{"href":"https:\/\/www.egemtv.com\/index.php?rest_route=\/wp\/v2\/posts\/85952","targetHints":{"allow":["GET"]}}],"collection":[{"href":"https:\/\/www.egemtv.com\/index.php?rest_route=\/wp\/v2\/posts"}],"about":[{"href":"https:\/\/www.egemtv.com\/index.php?rest_route=\/wp\/v2\/types\/post"}],"author":[{"embeddable":true,"href":"https:\/\/www.egemtv.com\/index.php?rest_route=\/wp\/v2\/users\/1"}],"replies":[{"embeddable":true,"href":"https:\/\/www.egemtv.com\/index.php?rest_route=%2Fwp%2Fv2%2Fcomments&post=85952"}],"version-history":[{"count":1,"href":"https:\/\/www.egemtv.com\/index.php?rest_route=\/wp\/v2\/posts\/85952\/revisions"}],"predecessor-version":[{"id":85954,"href":"https:\/\/www.egemtv.com\/index.php?rest_route=\/wp\/v2\/posts\/85952\/revisions\/85954"}],"wp:featuredmedia":[{"embeddable":true,"href":"https:\/\/www.egemtv.com\/index.php?rest_route=\/wp\/v2\/media\/85953"}],"wp:attachment":[{"href":"https:\/\/www.egemtv.com\/index.php?rest_route=%2Fwp%2Fv2%2Fmedia&parent=85952"}],"wp:term":[{"taxonomy":"category","embeddable":true,"href":"https:\/\/www.egemtv.com\/index.php?rest_route=%2Fwp%2Fv2%2Fcategories&post=85952"},{"taxonomy":"post_tag","embeddable":true,"href":"https:\/\/www.egemtv.com\/index.php?rest_route=%2Fwp%2Fv2%2Ftags&post=85952"}],"curies":[{"name":"wp","href":"https:\/\/api.w.org\/{rel}","templated":true}]}}