{"id":85949,"date":"2026-02-06T17:54:47","date_gmt":"2026-02-06T14:54:47","guid":{"rendered":"https:\/\/www.egemtv.com\/?p=85949"},"modified":"2026-02-06T17:54:48","modified_gmt":"2026-02-06T14:54:48","slug":"depremin-3-yilinda-aydin-lisesinde-deprem-bilinci-konferansi","status":"publish","type":"post","link":"https:\/\/www.egemtv.com\/?p=85949","title":{"rendered":"Depremin 3. y\u0131l\u0131nda Ayd\u0131n Lisesi\u2019nde Deprem Bilinci Konferans\u0131"},"content":{"rendered":"<p>Asr\u0131n felaketi olarak nitelendirilen ve T\u00fcrkiye\u2019yi derinden etkileyen depremlerin \u00fc\u00e7\u00fcnc\u00fc y\u0131l d\u00f6n\u00fcm\u00fcnde, Ayd\u0131n Lisesi\u2019nde deprem bilincini art\u0131rmaya y\u00f6nelik konferans d\u00fczenlendi.<\/p>\n<p>T\u00fcrkiye\u2019nin Deprem Ger\u00e7ekleri ba\u015fl\u0131\u011f\u0131yla Ayd\u0131n Lisesi\u2019nde ger\u00e7ekle\u015ftirilen konferansta Ayd\u0131n Adnan Menderes \u00dcniversitesi \u0130n\u015faat M\u00fchendisli\u011fi B\u00f6l\u00fcm\u00fc Yap\u0131 Ana Bilim Dal\u0131 Ba\u015fkanl\u0131\u011f\u0131ndan Do\u00e7. Dr. Mehmet Eren Uz T\u00fcrkiye\u2019nin aktif deprem ku\u015fa\u011f\u0131nda yer ald\u0131\u011f\u0131na dikkat \u00e7ekerek yap\u0131 g\u00fcvenli\u011fi, m\u00fchendislik hizmetlerinin \u00f6nemi ve afetlere kar\u015f\u0131 al\u0131nmas\u0131 gereken \u00f6nlemler hakk\u0131nda bilgilendirmelerde bulundu. Deprem ger\u00e7e\u011fiyle bilin\u00e7li \u015fekilde ya\u015faman\u0131n ve bilimsel veriler do\u011frultusunda hareket etmenin hayati \u00f6nem ta\u015f\u0131d\u0131\u011f\u0131 vurguland\u0131.<\/p>\n<p>\u00d6\u011frenciler taraf\u0131ndan ilgiyle takip edilen program, soru-cevap b\u00f6l\u00fcm\u00fcn\u00fcn ard\u0131ndan sona erdi. Konferans sonunda Ayd\u0131n Lisesi M\u00fcd\u00fcr\u00fc Serkan Akyol, katk\u0131lar\u0131ndan dolay\u0131 Do\u00e7. Dr. Mehmet Eren Uz\u2019a plaket takdim etti.<br \/><\/p>\n","protected":false},"excerpt":{"rendered":"<p>Asr\u0131n felaketi olarak nitelendirilen ve T\u00fcrkiye\u2019yi derinden etkileyen depremlerin \u00fc\u00e7\u00fcnc\u00fc y\u0131l d\u00f6n\u00fcm\u00fcnde, Ayd\u0131n Lisesi\u2019nde deprem bilincini art\u0131rmaya y\u00f6nelik konferans d\u00fczenlendi. T\u00fcrkiye\u2019nin Deprem Ger\u00e7ekleri ba\u015fl\u0131\u011f\u0131yla Ayd\u0131n Lisesi\u2019nde ger\u00e7ekle\u015ftirilen konferansta Ayd\u0131n Adnan Menderes \u00dcniversitesi \u0130n\u015faat M\u00fchendisli\u011fi B\u00f6l\u00fcm\u00fc Yap\u0131 Ana Bilim Dal\u0131 Ba\u015fkanl\u0131\u011f\u0131ndan Do\u00e7. Dr. Mehmet Eren Uz T\u00fcrkiye\u2019nin aktif deprem ku\u015fa\u011f\u0131nda yer ald\u0131\u011f\u0131na dikkat \u00e7ekerek yap\u0131 g\u00fcvenli\u011fi,&#8230;<\/p>\n","protected":false},"author":1,"featured_media":85950,"comment_status":"open","ping_status":"open","sticky":false,"template":"","format":"standard","meta":{"_crdt_document":"","footnotes":""},"categories":[1],"tags":[],"class_list":["post-85949","post","type-post","status-publish","format-standard","has-post-thumbnail","hentry","category-guncel"],"_links":{"self":[{"href":"https:\/\/www.egemtv.com\/index.php?rest_route=\/wp\/v2\/posts\/85949","targetHints":{"allow":["GET"]}}],"collection":[{"href":"https:\/\/www.egemtv.com\/index.php?rest_route=\/wp\/v2\/posts"}],"about":[{"href":"https:\/\/www.egemtv.com\/index.php?rest_route=\/wp\/v2\/types\/post"}],"author":[{"embeddable":true,"href":"https:\/\/www.egemtv.com\/index.php?rest_route=\/wp\/v2\/users\/1"}],"replies":[{"embeddable":true,"href":"https:\/\/www.egemtv.com\/index.php?rest_route=%2Fwp%2Fv2%2Fcomments&post=85949"}],"version-history":[{"count":1,"href":"https:\/\/www.egemtv.com\/index.php?rest_route=\/wp\/v2\/posts\/85949\/revisions"}],"predecessor-version":[{"id":85951,"href":"https:\/\/www.egemtv.com\/index.php?rest_route=\/wp\/v2\/posts\/85949\/revisions\/85951"}],"wp:featuredmedia":[{"embeddable":true,"href":"https:\/\/www.egemtv.com\/index.php?rest_route=\/wp\/v2\/media\/85950"}],"wp:attachment":[{"href":"https:\/\/www.egemtv.com\/index.php?rest_route=%2Fwp%2Fv2%2Fmedia&parent=85949"}],"wp:term":[{"taxonomy":"category","embeddable":true,"href":"https:\/\/www.egemtv.com\/index.php?rest_route=%2Fwp%2Fv2%2Fcategories&post=85949"},{"taxonomy":"post_tag","embeddable":true,"href":"https:\/\/www.egemtv.com\/index.php?rest_route=%2Fwp%2Fv2%2Ftags&post=85949"}],"curies":[{"name":"wp","href":"https:\/\/api.w.org\/{rel}","templated":true}]}}