{"id":85943,"date":"2026-02-06T17:35:08","date_gmt":"2026-02-06T14:35:08","guid":{"rendered":"https:\/\/www.egemtv.com\/?p=85943"},"modified":"2026-02-06T17:35:09","modified_gmt":"2026-02-06T14:35:09","slug":"evinde-olu-bulunan-datcali-doktor-topraga-verildi","status":"publish","type":"post","link":"https:\/\/www.egemtv.com\/?p=85943","title":{"rendered":"Evinde \u00f6l\u00fc bulunan Dat\u00e7al\u0131 doktor topra\u011fa verildi"},"content":{"rendered":"<p>Dat\u00e7al\u0131 doktor Zeynep Sude Ta\u015f \u0130stanbul\u2019da ya\u015fad\u0131\u011f\u0131 evde hayat\u0131n\u0131 kaybetmi\u015f halde bulunurken Ta\u015f, memleketi Dat\u00e7a\u2019da d\u00fczenlenen cenaze t\u00f6reninin ard\u0131ndan topra\u011fa verildi.<\/p>\n<p>Edinilen bilgilere g\u00f6re, bir s\u00fcredir Zeynep Sude Ta\u015f\u2019tan haber alamayan yak\u0131n \u00e7evresi durumu 112 Acil \u00c7a\u011fr\u0131 Merkezi\u2019ne bildirdi. \u0130hbar \u00fczerine adrese giden ekipler, gen\u00e7 doktoru evinde hareketsiz halde buldu. Olay yerinde yap\u0131lan ilk incelemelerin ard\u0131ndan Ta\u015f\u2019\u0131n \u00f6l\u00fcm\u00fcne ili\u015fkin soru\u015fturma ba\u015flat\u0131ld\u0131. \u0130stanbul \u00dcniversitesi-Cerrahpa\u015fa T\u0131p Fak\u00fcltesi Deri ve Z\u00fchrevi Hastal\u0131klar Ana Bilim Dal\u0131\u2019nda g\u00f6rev yapan Zeynep Sude Ta\u015f\u2019\u0131n vefat\u0131, akademi camias\u0131nda da derin \u00fcz\u00fcnt\u00fc olu\u015fturdu. \u0130stanbul \u00dcniversitesi-Cerrahpa\u015fa Kurucu Rekt\u00f6r\u00fc Prof. Dr. Nuri Ayd\u0131n yay\u0131mlad\u0131\u011f\u0131 taziye mesaj\u0131nda, gen\u00e7 ya\u015fta hayat\u0131n\u0131 kaybeden Ta\u015f i\u00e7in ba\u015fsa\u011fl\u0131\u011f\u0131 dileklerini iletti.<\/p>\n<p>Gen\u00e7 doktor Zeynep Sude Ta\u015f, Dat\u00e7a Re\u015fadiye Camii\u2019nde k\u0131l\u0131nan ikindi namaz\u0131n\u0131n ard\u0131ndan g\u00f6zya\u015flar\u0131 i\u00e7inde Mu\u011fla\u2019n\u0131n Dat\u00e7a il\u00e7esi Re\u015fadiye Mahallesi Mezarl\u0131\u011f\u0131\u2019nda topra\u011fa verildi.<br \/><\/p>\n","protected":false},"excerpt":{"rendered":"<p>Dat\u00e7al\u0131 doktor Zeynep Sude Ta\u015f \u0130stanbul\u2019da ya\u015fad\u0131\u011f\u0131 evde hayat\u0131n\u0131 kaybetmi\u015f halde bulunurken Ta\u015f, memleketi Dat\u00e7a\u2019da d\u00fczenlenen cenaze t\u00f6reninin ard\u0131ndan topra\u011fa verildi. Edinilen bilgilere g\u00f6re, bir s\u00fcredir Zeynep Sude Ta\u015f\u2019tan haber alamayan yak\u0131n \u00e7evresi durumu 112 Acil \u00c7a\u011fr\u0131 Merkezi\u2019ne bildirdi. \u0130hbar \u00fczerine adrese giden ekipler, gen\u00e7 doktoru evinde hareketsiz halde buldu. Olay yerinde yap\u0131lan ilk incelemelerin&#8230;<\/p>\n","protected":false},"author":1,"featured_media":85944,"comment_status":"open","ping_status":"open","sticky":false,"template":"","format":"standard","meta":{"_crdt_document":"","footnotes":""},"categories":[5],"tags":[],"class_list":["post-85943","post","type-post","status-publish","format-standard","has-post-thumbnail","hentry","category-asayis"],"_links":{"self":[{"href":"https:\/\/www.egemtv.com\/index.php?rest_route=\/wp\/v2\/posts\/85943","targetHints":{"allow":["GET"]}}],"collection":[{"href":"https:\/\/www.egemtv.com\/index.php?rest_route=\/wp\/v2\/posts"}],"about":[{"href":"https:\/\/www.egemtv.com\/index.php?rest_route=\/wp\/v2\/types\/post"}],"author":[{"embeddable":true,"href":"https:\/\/www.egemtv.com\/index.php?rest_route=\/wp\/v2\/users\/1"}],"replies":[{"embeddable":true,"href":"https:\/\/www.egemtv.com\/index.php?rest_route=%2Fwp%2Fv2%2Fcomments&post=85943"}],"version-history":[{"count":1,"href":"https:\/\/www.egemtv.com\/index.php?rest_route=\/wp\/v2\/posts\/85943\/revisions"}],"predecessor-version":[{"id":85945,"href":"https:\/\/www.egemtv.com\/index.php?rest_route=\/wp\/v2\/posts\/85943\/revisions\/85945"}],"wp:featuredmedia":[{"embeddable":true,"href":"https:\/\/www.egemtv.com\/index.php?rest_route=\/wp\/v2\/media\/85944"}],"wp:attachment":[{"href":"https:\/\/www.egemtv.com\/index.php?rest_route=%2Fwp%2Fv2%2Fmedia&parent=85943"}],"wp:term":[{"taxonomy":"category","embeddable":true,"href":"https:\/\/www.egemtv.com\/index.php?rest_route=%2Fwp%2Fv2%2Fcategories&post=85943"},{"taxonomy":"post_tag","embeddable":true,"href":"https:\/\/www.egemtv.com\/index.php?rest_route=%2Fwp%2Fv2%2Ftags&post=85943"}],"curies":[{"name":"wp","href":"https:\/\/api.w.org\/{rel}","templated":true}]}}