{"id":85940,"date":"2026-02-06T17:35:05","date_gmt":"2026-02-06T14:35:05","guid":{"rendered":"https:\/\/www.egemtv.com\/?p=85940"},"modified":"2026-02-06T17:35:08","modified_gmt":"2026-02-06T14:35:08","slug":"selde-hayatini-kaybeden-belediye-iscisi-son-yolculuguna-ugurlandi","status":"publish","type":"post","link":"https:\/\/www.egemtv.com\/?p=85940","title":{"rendered":"Selde hayat\u0131n\u0131 kaybeden belediye i\u015f\u00e7isi son yolculu\u011funa u\u011furland\u0131"},"content":{"rendered":"<p>Mu\u011fla\u2019n\u0131n Marmaris il\u00e7esinde d\u00fcn gece arac\u0131 ile sel sular\u0131na kap\u0131larak hayat\u0131n\u0131 kaybeden belediye temizlik i\u015f\u00e7isi Zekeriya \u015eahin son yolculu\u011funa u\u011furland\u0131.<\/p>\n<p>D\u00fcn gece Marmaris il\u00e7esinde etkili olan sa\u011fanak ya\u011f\u0131\u015f sonras\u0131 Marmaris Belediyesi Temizlik \u0130\u015fleri personeli Zekeriya \u015eahin arac\u0131yla dere yata\u011f\u0131ndan ge\u00e7erken sel sular\u0131na kap\u0131ld\u0131. Arac\u0131yla birlikte s\u00fcr\u00fcklenen \u015eahin\u2019e ula\u015fmak i\u00e7in ekipler \u00e7al\u0131\u015fma ba\u015flatt\u0131. Yap\u0131lan \u00e7al\u0131\u015fmalarda \u015eahin\u2019in \u00f6nce arac\u0131, bir s\u00fcre sonra ise arac\u0131ndan 100 metre ileride cans\u0131z bedeni bulundu. \u015eahin\u2019in, Osmaniye Mahallesi\u2019nde ikamet eden babas\u0131n\u0131 ziyaretinin ard\u0131ndan ak\u015fam saatlerinde Turun\u00e7\u2019taki evine gitmek \u00fczere yola \u00e7\u0131kt\u0131\u011f\u0131 s\u0131rada sel sular\u0131na kap\u0131ld\u0131\u011f\u0131 \u00f6\u011frenilmi\u015fti.<\/p>\n<p>Selde hayat\u0131n\u0131 kaybeden \u015eahin, Osmaniye Mahalle Camii\u2019nde ikindi namaz\u0131na m\u00fcteakip k\u0131l\u0131nan cenaze namaz\u0131n\u0131n ard\u0131ndan, Osmaniye Mahallesi Mezarl\u0131\u011f\u0131\u2019nda sevenlerinin g\u00f6zya\u015flar\u0131 i\u00e7erisinde topra\u011fa verildi.<br \/><\/p>\n","protected":false},"excerpt":{"rendered":"<p>Mu\u011fla\u2019n\u0131n Marmaris il\u00e7esinde d\u00fcn gece arac\u0131 ile sel sular\u0131na kap\u0131larak hayat\u0131n\u0131 kaybeden belediye temizlik i\u015f\u00e7isi Zekeriya \u015eahin son yolculu\u011funa u\u011furland\u0131. D\u00fcn gece Marmaris il\u00e7esinde etkili olan sa\u011fanak ya\u011f\u0131\u015f sonras\u0131 Marmaris Belediyesi Temizlik \u0130\u015fleri personeli Zekeriya \u015eahin arac\u0131yla dere yata\u011f\u0131ndan ge\u00e7erken sel sular\u0131na kap\u0131ld\u0131. Arac\u0131yla birlikte s\u00fcr\u00fcklenen \u015eahin\u2019e ula\u015fmak i\u00e7in ekipler \u00e7al\u0131\u015fma ba\u015flatt\u0131. Yap\u0131lan \u00e7al\u0131\u015fmalarda \u015eahin\u2019in&#8230;<\/p>\n","protected":false},"author":1,"featured_media":85941,"comment_status":"open","ping_status":"open","sticky":false,"template":"","format":"standard","meta":{"_crdt_document":"","footnotes":""},"categories":[5],"tags":[],"class_list":["post-85940","post","type-post","status-publish","format-standard","has-post-thumbnail","hentry","category-asayis"],"_links":{"self":[{"href":"https:\/\/www.egemtv.com\/index.php?rest_route=\/wp\/v2\/posts\/85940","targetHints":{"allow":["GET"]}}],"collection":[{"href":"https:\/\/www.egemtv.com\/index.php?rest_route=\/wp\/v2\/posts"}],"about":[{"href":"https:\/\/www.egemtv.com\/index.php?rest_route=\/wp\/v2\/types\/post"}],"author":[{"embeddable":true,"href":"https:\/\/www.egemtv.com\/index.php?rest_route=\/wp\/v2\/users\/1"}],"replies":[{"embeddable":true,"href":"https:\/\/www.egemtv.com\/index.php?rest_route=%2Fwp%2Fv2%2Fcomments&post=85940"}],"version-history":[{"count":1,"href":"https:\/\/www.egemtv.com\/index.php?rest_route=\/wp\/v2\/posts\/85940\/revisions"}],"predecessor-version":[{"id":85942,"href":"https:\/\/www.egemtv.com\/index.php?rest_route=\/wp\/v2\/posts\/85940\/revisions\/85942"}],"wp:featuredmedia":[{"embeddable":true,"href":"https:\/\/www.egemtv.com\/index.php?rest_route=\/wp\/v2\/media\/85941"}],"wp:attachment":[{"href":"https:\/\/www.egemtv.com\/index.php?rest_route=%2Fwp%2Fv2%2Fmedia&parent=85940"}],"wp:term":[{"taxonomy":"category","embeddable":true,"href":"https:\/\/www.egemtv.com\/index.php?rest_route=%2Fwp%2Fv2%2Fcategories&post=85940"},{"taxonomy":"post_tag","embeddable":true,"href":"https:\/\/www.egemtv.com\/index.php?rest_route=%2Fwp%2Fv2%2Ftags&post=85940"}],"curies":[{"name":"wp","href":"https:\/\/api.w.org\/{rel}","templated":true}]}}