{"id":85937,"date":"2026-02-06T17:35:04","date_gmt":"2026-02-06T14:35:04","guid":{"rendered":"https:\/\/www.egemtv.com\/?p=85937"},"modified":"2026-02-06T17:35:05","modified_gmt":"2026-02-06T14:35:05","slug":"salihli-kunduracilarda-turkgeldi-guven-tazeledi","status":"publish","type":"post","link":"https:\/\/www.egemtv.com\/?p=85937","title":{"rendered":"Salihli Kundurac\u0131lar\u2019da T\u00fcrkgeldi g\u00fcven tazeledi"},"content":{"rendered":"<p>Manisa\u2019n\u0131n Salihli il\u00e7esindeki Kundurac\u0131lar, Sara\u00e7lar ve Tabaklar Esnaf ve Sanatk\u00e2rlar Odas\u0131\u2019n\u0131n ola\u011fan genel kurulunda mevcut ba\u015fkan \u00dcmit T\u00fcrkgeldi, ikinci kez ba\u015fkanl\u0131\u011fa se\u00e7ilerek g\u00fcven tazeledi.<br \/>\n<br \/>Ola\u011fan genel kurul, Salihli Ticaret ve Sanayi Odas\u0131 Sardes Konferans Salonu\u2019nda ger\u00e7ekle\u015ftirildi. Kongrenin divan ba\u015fkanl\u0131\u011f\u0131n\u0131 Manisa Esnaf ve Sanatk\u00e2rlar Odalar\u0131 Birli\u011fi (MESOB) Ba\u015fkan\u0131 Hasan Geriter yapt\u0131. Genel kurula tek liste ile kat\u0131lan \u00dcmit T\u00fcrkgeldi, kullan\u0131lan oylar\u0131n tamam\u0131n\u0131 alarak yeniden ba\u015fkan se\u00e7ildi.<br \/>\n<br \/>Genel kurulun ard\u0131ndan konu\u015fan \u00dcmit T\u00fcrkgeldi, kendisine destek veren t\u00fcm \u00fcyelere te\u015fekk\u00fcr ederek, &#8220;\u00d6n\u00fcm\u00fczdeki d\u00f6nemde de y\u00f6netim kurulumuzla birlikte odam\u0131z \u00fcyelerine en iyi hizmeti sunmaya devam edece\u011fiz&#8221; dedi.<br \/>\n<br \/>\u00dcmit T\u00fcrkgeldi ba\u015fkanl\u0131\u011f\u0131ndaki y\u00f6netim kurulunda Serkan Duman, Selim Akba\u015f, Muammer Demirci, Sedat T\u00fcreli, Ahmet B\u00f6lmeli ve Mehmet Biseli yer ald\u0131. Denetim kurulu ise \u015e\u00fckr\u00fc Ali Eren, Mehmet Ali \u00c7akmak ve G\u00f6khan Erol\u2019dan olu\u015ftu.<br \/><\/p>\n","protected":false},"excerpt":{"rendered":"<p>Manisa\u2019n\u0131n Salihli il\u00e7esindeki Kundurac\u0131lar, Sara\u00e7lar ve Tabaklar Esnaf ve Sanatk\u00e2rlar Odas\u0131\u2019n\u0131n ola\u011fan genel kurulunda mevcut ba\u015fkan \u00dcmit T\u00fcrkgeldi, ikinci kez ba\u015fkanl\u0131\u011fa se\u00e7ilerek g\u00fcven tazeledi. Ola\u011fan genel kurul, Salihli Ticaret ve Sanayi Odas\u0131 Sardes Konferans Salonu\u2019nda ger\u00e7ekle\u015ftirildi. Kongrenin divan ba\u015fkanl\u0131\u011f\u0131n\u0131 Manisa Esnaf ve Sanatk\u00e2rlar Odalar\u0131 Birli\u011fi (MESOB) Ba\u015fkan\u0131 Hasan Geriter yapt\u0131. Genel kurula tek liste ile&#8230;<\/p>\n","protected":false},"author":1,"featured_media":85938,"comment_status":"open","ping_status":"open","sticky":false,"template":"","format":"standard","meta":{"_crdt_document":"","footnotes":""},"categories":[125],"tags":[],"class_list":["post-85937","post","type-post","status-publish","format-standard","has-post-thumbnail","hentry","category-ekonomi"],"_links":{"self":[{"href":"https:\/\/www.egemtv.com\/index.php?rest_route=\/wp\/v2\/posts\/85937","targetHints":{"allow":["GET"]}}],"collection":[{"href":"https:\/\/www.egemtv.com\/index.php?rest_route=\/wp\/v2\/posts"}],"about":[{"href":"https:\/\/www.egemtv.com\/index.php?rest_route=\/wp\/v2\/types\/post"}],"author":[{"embeddable":true,"href":"https:\/\/www.egemtv.com\/index.php?rest_route=\/wp\/v2\/users\/1"}],"replies":[{"embeddable":true,"href":"https:\/\/www.egemtv.com\/index.php?rest_route=%2Fwp%2Fv2%2Fcomments&post=85937"}],"version-history":[{"count":1,"href":"https:\/\/www.egemtv.com\/index.php?rest_route=\/wp\/v2\/posts\/85937\/revisions"}],"predecessor-version":[{"id":85939,"href":"https:\/\/www.egemtv.com\/index.php?rest_route=\/wp\/v2\/posts\/85937\/revisions\/85939"}],"wp:featuredmedia":[{"embeddable":true,"href":"https:\/\/www.egemtv.com\/index.php?rest_route=\/wp\/v2\/media\/85938"}],"wp:attachment":[{"href":"https:\/\/www.egemtv.com\/index.php?rest_route=%2Fwp%2Fv2%2Fmedia&parent=85937"}],"wp:term":[{"taxonomy":"category","embeddable":true,"href":"https:\/\/www.egemtv.com\/index.php?rest_route=%2Fwp%2Fv2%2Fcategories&post=85937"},{"taxonomy":"post_tag","embeddable":true,"href":"https:\/\/www.egemtv.com\/index.php?rest_route=%2Fwp%2Fv2%2Ftags&post=85937"}],"curies":[{"name":"wp","href":"https:\/\/api.w.org\/{rel}","templated":true}]}}