{"id":85934,"date":"2026-02-06T17:35:03","date_gmt":"2026-02-06T14:35:03","guid":{"rendered":"https:\/\/www.egemtv.com\/?p=85934"},"modified":"2026-02-06T17:35:04","modified_gmt":"2026-02-06T14:35:04","slug":"kutahyadaki-engelli-bakim-merkezinden-bir-engellinin-agir-yaralandigi-olayla-ilgili-aciklama","status":"publish","type":"post","link":"https:\/\/www.egemtv.com\/?p=85934","title":{"rendered":"K\u00fctahya\u2019daki engelli bak\u0131m merkezinden bir engellinin a\u011f\u0131r yaraland\u0131\u011f\u0131 olayla ilgili a\u00e7\u0131klama"},"content":{"rendered":"<p>K\u00fctahya\u2019da faaliyet g\u00f6steren bir engelli bak\u0131m merkezinde meydana gelen ve engelli bir vatanda\u015f\u0131n a\u011f\u0131r \u015fekilde yaralanmas\u0131na yol a\u00e7an olayla ilgili iddialar kamuoyunda geni\u015f yank\u0131 uyand\u0131r\u0131rken, \u00f6zel bak\u0131m evi iddialar\u0131n ger\u00e7e\u011fi yans\u0131tmad\u0131\u011f\u0131n\u0131 a\u00e7\u0131klad\u0131.<br \/>\n<br \/>\u0130ddiaya g\u00f6re, bak\u0131m merkezinde kalan 62 ya\u015f\u0131ndaki \u0130skender Horuz isimli engelli vatanda\u015f, ak\u015fam saatlerinde merkezde ya\u015fanan tedbirsizlik ve ilgisizlik nedeniyle \u00e7\u0131kan bir yang\u0131nda alevlerin i\u00e7inde kald\u0131. Payla\u015f\u0131lan g\u00f6r\u00fcnt\u00fclerde, Horuz\u2019un v\u00fccudunun tamamen alev ald\u0131\u011f\u0131 ve yakla\u015f\u0131k be\u015f dakika boyunca m\u00fcdahale edilmedi\u011fi \u00f6ne s\u00fcr\u00fcld\u00fc. Olayda a\u011f\u0131r yan\u0131klar olu\u015fan Horuz\u2019un Eski\u015fehir \u015eehir Hastanesi\u2019nde yo\u011fun bak\u0131mda tedavisinin s\u00fcrd\u00fc\u011f\u00fc belirtildi. \u0130ddialarda ayr\u0131ca, engelli vatanda\u015f\u0131n daha iyi \u015fartlarda bak\u0131lmas\u0131 amac\u0131yla yat\u0131r\u0131ld\u0131\u011f\u0131 bak\u0131m merkezinde ihmaller zinciri sonucu ya\u015fam m\u00fccadelesi verdi\u011fi belirtilerek, merkez hakk\u0131nda gerekli inceleme ve soru\u015fturman\u0131n yap\u0131lmas\u0131 ve kamuoyunun bilgilendirilmesi talep edildi.<\/p>\n<p>Bak\u0131m evi m\u00fcd\u00fcr\u00fcnden a\u00e7\u0131klama<br \/>\n<br \/>\u00d6zel bak\u0131m evi M\u00fcd\u00fcr\u00fc Muhammet Kahraman ise yapt\u0131\u011f\u0131 a\u00e7\u0131klamada, iddialar\u0131n ger\u00e7e\u011fi yans\u0131tmad\u0131\u011f\u0131n\u0131 belirtti. Kahraman, \u0130skender Horuz\u2019un ak\u0131l ve ruh sa\u011fl\u0131\u011f\u0131n\u0131n yerinde oldu\u011funu, bedensel engelli oldu\u011funu ve yakla\u015f\u0131k 11 y\u0131ld\u0131r kurumlar\u0131nda kald\u0131\u011f\u0131n\u0131 ifade etti. Horuz\u2019un genellikle ge\u00e7 saatlere kadar televizyon izledi\u011fini belirten Kahraman, olay\u0131n 29 Ocak tarihinde engelli vatanda\u015f\u0131n pantolonundaki etiketi yakmak istemesi s\u0131ras\u0131nda meydana geldi\u011fini s\u00f6yledi.<br \/>\n<br \/>A\u00e7\u0131klamaya g\u00f6re, etiketin polyester olmas\u0131 nedeniyle alevin k\u0131sa s\u00fcrede b\u00fcy\u00fcmesi sonucu Horuz\u2019un alt giysisi tutu\u015ftu. Yang\u0131n alg\u0131lama sisteminin devreye girmesinin ard\u0131ndan, bak\u0131c\u0131 personelin bir dakika i\u00e7inde m\u00fcdahale ederek alevleri s\u00f6nd\u00fcrd\u00fc\u011f\u00fc bildirildi. M\u00fcd\u00fcr Kahraman, olay\u0131n hemen ard\u0131ndan n\u00f6bet\u00e7i sa\u011fl\u0131k personelinin ilk m\u00fcdahaleyi yapt\u0131\u011f\u0131n\u0131, ancak Horuz\u2019un hastaneye sevki kabul etmedi\u011fini, bu durumun tutanak alt\u0131na al\u0131nd\u0131\u011f\u0131n\u0131 belirtti. Daha \u00f6nceki y\u0131llarda da hastaneye gitmeyi reddetti\u011fine dair kay\u0131tlar\u0131n bulundu\u011funu ifade eden Kahraman, ertesi g\u00fcn engelli vatanda\u015f\u0131n ikna edilerek hastaneye sevkinin sa\u011fland\u0131\u011f\u0131n\u0131 kaydetti. Hastanede olay\u0131n adli vaka olarak kayda al\u0131nd\u0131\u011f\u0131n\u0131 belirten Kahraman, Horuz\u2019un polise verdi\u011fi ifadede, yan\u0131k olay\u0131n\u0131n pantolon etiketini yakmaya \u00e7al\u0131\u015f\u0131rken meydana geldi\u011fini ve kimseden \u015fik\u00e2yet\u00e7i olmad\u0131\u011f\u0131n\u0131 s\u00f6yledi\u011fini aktard\u0131.<\/p>\n<p>&#8220;\u00dczerine yan\u0131c\u0131 madde d\u00f6k\u00fclmedi&#8221;<br \/>\n<br \/>Sosyal medyada ve baz\u0131 haberlerde yer alan &#8220;\u00fczerine alkol veya kolonya d\u00f6k\u00fcld\u00fc\u011f\u00fc&#8221; iddialar\u0131n\u0131 da reddeden Kahraman, bak\u0131m merkezinde son alt\u0131 aya ait g\u00fcvenlik kamera kay\u0131tlar\u0131n\u0131n bulundu\u011funu belirterek, idari ve adli soru\u015fturma kapsam\u0131nda g\u00f6r\u00fcnt\u00fclerin incelenece\u011fini ifade etti. Kahraman, sosyal medyada payla\u015f\u0131lan g\u00f6r\u00fcnt\u00fclerde personelin g\u00fcld\u00fc\u011f\u00fc veya olay an\u0131nda m\u00fcdahale etmedi\u011fi y\u00f6n\u00fcndeki iddialar\u0131n da ger\u00e7e\u011fi yans\u0131tmad\u0131\u011f\u0131n\u0131, payla\u015f\u0131lan videolar\u0131n g\u00fcvenlik kameralar\u0131n\u0131n cep telefonu ile kaydedilmesi s\u0131ras\u0131nda olu\u015fan d\u0131\u015f sesler i\u00e7erdi\u011fini ve g\u00f6r\u00fcnt\u00fclerin manip\u00fcle edildi\u011fini savundu.<br \/>\n<br \/>Olayla ilgili hem idari hem de adli soru\u015fturman\u0131n ba\u015flat\u0131ld\u0131\u011f\u0131 \u00f6\u011frenildi.<br \/><\/p>\n","protected":false},"excerpt":{"rendered":"<p>K\u00fctahya\u2019da faaliyet g\u00f6steren bir engelli bak\u0131m merkezinde meydana gelen ve engelli bir vatanda\u015f\u0131n a\u011f\u0131r \u015fekilde yaralanmas\u0131na yol a\u00e7an olayla ilgili iddialar kamuoyunda geni\u015f yank\u0131 uyand\u0131r\u0131rken, \u00f6zel bak\u0131m evi iddialar\u0131n ger\u00e7e\u011fi yans\u0131tmad\u0131\u011f\u0131n\u0131 a\u00e7\u0131klad\u0131. \u0130ddiaya g\u00f6re, bak\u0131m merkezinde kalan 62 ya\u015f\u0131ndaki \u0130skender Horuz isimli engelli vatanda\u015f, ak\u015fam saatlerinde merkezde ya\u015fanan tedbirsizlik ve ilgisizlik nedeniyle \u00e7\u0131kan bir yang\u0131nda&#8230;<\/p>\n","protected":false},"author":1,"featured_media":85935,"comment_status":"open","ping_status":"open","sticky":false,"template":"","format":"standard","meta":{"_crdt_document":"","footnotes":""},"categories":[5],"tags":[],"class_list":["post-85934","post","type-post","status-publish","format-standard","has-post-thumbnail","hentry","category-asayis"],"_links":{"self":[{"href":"https:\/\/www.egemtv.com\/index.php?rest_route=\/wp\/v2\/posts\/85934","targetHints":{"allow":["GET"]}}],"collection":[{"href":"https:\/\/www.egemtv.com\/index.php?rest_route=\/wp\/v2\/posts"}],"about":[{"href":"https:\/\/www.egemtv.com\/index.php?rest_route=\/wp\/v2\/types\/post"}],"author":[{"embeddable":true,"href":"https:\/\/www.egemtv.com\/index.php?rest_route=\/wp\/v2\/users\/1"}],"replies":[{"embeddable":true,"href":"https:\/\/www.egemtv.com\/index.php?rest_route=%2Fwp%2Fv2%2Fcomments&post=85934"}],"version-history":[{"count":1,"href":"https:\/\/www.egemtv.com\/index.php?rest_route=\/wp\/v2\/posts\/85934\/revisions"}],"predecessor-version":[{"id":85936,"href":"https:\/\/www.egemtv.com\/index.php?rest_route=\/wp\/v2\/posts\/85934\/revisions\/85936"}],"wp:featuredmedia":[{"embeddable":true,"href":"https:\/\/www.egemtv.com\/index.php?rest_route=\/wp\/v2\/media\/85935"}],"wp:attachment":[{"href":"https:\/\/www.egemtv.com\/index.php?rest_route=%2Fwp%2Fv2%2Fmedia&parent=85934"}],"wp:term":[{"taxonomy":"category","embeddable":true,"href":"https:\/\/www.egemtv.com\/index.php?rest_route=%2Fwp%2Fv2%2Fcategories&post=85934"},{"taxonomy":"post_tag","embeddable":true,"href":"https:\/\/www.egemtv.com\/index.php?rest_route=%2Fwp%2Fv2%2Ftags&post=85934"}],"curies":[{"name":"wp","href":"https:\/\/api.w.org\/{rel}","templated":true}]}}