{"id":85931,"date":"2026-02-06T17:15:19","date_gmt":"2026-02-06T14:15:19","guid":{"rendered":"https:\/\/www.egemtv.com\/?p=85931"},"modified":"2026-02-06T17:15:20","modified_gmt":"2026-02-06T14:15:20","slug":"ortulu-mahallesinde-yol-yenileme-ve-bakim-calismasi","status":"publish","type":"post","link":"https:\/\/www.egemtv.com\/?p=85931","title":{"rendered":"\u00d6rt\u00fcl\u00fc Mahallesi\u2019nde yol yenileme ve bak\u0131m \u00e7al\u0131\u015fmas\u0131"},"content":{"rendered":"<p>Bozdo\u011fan Belediyesi, il\u00e7e genelinde s\u00fcrd\u00fcrd\u00fc\u011f\u00fc vatanda\u015f odakl\u0131 \u00e7al\u0131\u015fmalar\u0131na \u00d6rt\u00fcl\u00fc Mahallesi\u2019nde h\u0131z kesmeden devam ediyor.<br \/>\n<br \/>Belediye Ba\u015fkan\u0131 Mustafa Galip \u00d6zel\u2019in talimat\u0131yla Fen \u0130\u015fleri M\u00fcd\u00fcrl\u00fc\u011f\u00fc ekipleri taraf\u0131ndan ba\u015flat\u0131lan \u00e7al\u0131\u015fmalar kapsam\u0131nda, mahallede kapsaml\u0131 bir yol yap\u0131m ve yenileme ger\u00e7ekle\u015ftirildi.<br \/>\n<br \/>Yap\u0131lan \u00e7al\u0131\u015fmalarla \u00d6rt\u00fcl\u00fc Mahallesi Sosyal Tesisi ba\u015ftan sona elden ge\u00e7irildi. Tesiste bula\u015f\u0131k y\u0131kama ve yemek pi\u015firme alanlar\u0131 olu\u015fturularak \u00f6zel g\u00fcnler ve toplu etkinlikler i\u00e7in daha kullan\u0131\u015fl\u0131 hale getirildi. Ayr\u0131ca ta\u015f duvar imalatlar\u0131 yap\u0131l\u0131rken, \u00e7evre d\u00fczenlemesi kapsam\u0131nda parke ta\u015f\u0131 d\u00f6\u015feme ve yol \u00e7al\u0131\u015fmalar\u0131 tamamland\u0131.<br \/>\n<br \/>Mahallede ger\u00e7ekle\u015ftirilen hizmetlerden duydu\u011fu memnuniyeti dile getiren \u00d6rt\u00fcl\u00fc Mahalle Muhtar\u0131 Ramazan Demircio\u011flu, Ba\u015fkan \u00d6zel ve belediye ekiplerine te\u015fekk\u00fcr etti.<br \/>\n<br \/>Belediye Ba\u015fkan\u0131 Mustafa Galip \u00d6zel ise yapt\u0131\u011f\u0131 a\u00e7\u0131klamada, &#8220;Plan ve program dahilinde t\u00fcm mahallelerimizde ihtiya\u00e7lara g\u00f6re \u00e7al\u0131\u015fmalar\u0131m\u0131z\u0131 s\u00fcrd\u00fcr\u00fcyoruz. Amac\u0131m\u0131z, vatanda\u015flar\u0131m\u0131z\u0131n sosyal alanlar\u0131n\u0131 daha kullan\u0131\u015fl\u0131 ve g\u00fcvenli hale getirmek&#8221; ifadelerini kulland\u0131.<br \/><\/p>\n","protected":false},"excerpt":{"rendered":"<p>Bozdo\u011fan Belediyesi, il\u00e7e genelinde s\u00fcrd\u00fcrd\u00fc\u011f\u00fc vatanda\u015f odakl\u0131 \u00e7al\u0131\u015fmalar\u0131na \u00d6rt\u00fcl\u00fc Mahallesi\u2019nde h\u0131z kesmeden devam ediyor. Belediye Ba\u015fkan\u0131 Mustafa Galip \u00d6zel\u2019in talimat\u0131yla Fen \u0130\u015fleri M\u00fcd\u00fcrl\u00fc\u011f\u00fc ekipleri taraf\u0131ndan ba\u015flat\u0131lan \u00e7al\u0131\u015fmalar kapsam\u0131nda, mahallede kapsaml\u0131 bir yol yap\u0131m ve yenileme ger\u00e7ekle\u015ftirildi. Yap\u0131lan \u00e7al\u0131\u015fmalarla \u00d6rt\u00fcl\u00fc Mahallesi Sosyal Tesisi ba\u015ftan sona elden ge\u00e7irildi. Tesiste bula\u015f\u0131k y\u0131kama ve yemek pi\u015firme alanlar\u0131 olu\u015fturularak \u00f6zel&#8230;<\/p>\n","protected":false},"author":1,"featured_media":85932,"comment_status":"open","ping_status":"open","sticky":false,"template":"","format":"standard","meta":{"_crdt_document":"","footnotes":""},"categories":[1],"tags":[],"class_list":["post-85931","post","type-post","status-publish","format-standard","has-post-thumbnail","hentry","category-guncel"],"_links":{"self":[{"href":"https:\/\/www.egemtv.com\/index.php?rest_route=\/wp\/v2\/posts\/85931","targetHints":{"allow":["GET"]}}],"collection":[{"href":"https:\/\/www.egemtv.com\/index.php?rest_route=\/wp\/v2\/posts"}],"about":[{"href":"https:\/\/www.egemtv.com\/index.php?rest_route=\/wp\/v2\/types\/post"}],"author":[{"embeddable":true,"href":"https:\/\/www.egemtv.com\/index.php?rest_route=\/wp\/v2\/users\/1"}],"replies":[{"embeddable":true,"href":"https:\/\/www.egemtv.com\/index.php?rest_route=%2Fwp%2Fv2%2Fcomments&post=85931"}],"version-history":[{"count":1,"href":"https:\/\/www.egemtv.com\/index.php?rest_route=\/wp\/v2\/posts\/85931\/revisions"}],"predecessor-version":[{"id":85933,"href":"https:\/\/www.egemtv.com\/index.php?rest_route=\/wp\/v2\/posts\/85931\/revisions\/85933"}],"wp:featuredmedia":[{"embeddable":true,"href":"https:\/\/www.egemtv.com\/index.php?rest_route=\/wp\/v2\/media\/85932"}],"wp:attachment":[{"href":"https:\/\/www.egemtv.com\/index.php?rest_route=%2Fwp%2Fv2%2Fmedia&parent=85931"}],"wp:term":[{"taxonomy":"category","embeddable":true,"href":"https:\/\/www.egemtv.com\/index.php?rest_route=%2Fwp%2Fv2%2Fcategories&post=85931"},{"taxonomy":"post_tag","embeddable":true,"href":"https:\/\/www.egemtv.com\/index.php?rest_route=%2Fwp%2Fv2%2Ftags&post=85931"}],"curies":[{"name":"wp","href":"https:\/\/api.w.org\/{rel}","templated":true}]}}