{"id":85928,"date":"2026-02-06T17:15:18","date_gmt":"2026-02-06T14:15:18","guid":{"rendered":"https:\/\/www.egemtv.com\/?p=85928"},"modified":"2026-02-06T17:15:19","modified_gmt":"2026-02-06T14:15:19","slug":"hasir-ev-alevlere-teslim-oldu","status":"publish","type":"post","link":"https:\/\/www.egemtv.com\/?p=85928","title":{"rendered":"Has\u0131r ev alevlere teslim oldu"},"content":{"rendered":"<p>Mu\u011fla\u2019n\u0131n K\u00f6yce\u011fiz il\u00e7esi Beyobas\u0131 kav\u015fa\u011f\u0131 mevkiinde has\u0131r \u00fcretimi yap\u0131lan evde has\u0131rlar\u0131n tutu\u015fmas\u0131 sonras\u0131 has\u0131r ev tamamen yand\u0131.<br \/>\n<br \/>Edinilen bilgiye g\u00f6re, K\u00f6yce\u011fiz-Ortaca karayolu Beyobas\u0131 Zeytinalan\u0131 mahallesinde has\u0131r \u00fcretimi yapan vatanda\u015flar yakt\u0131klar\u0131 ate\u015f kuru has\u0131rlara s\u0131\u00e7rad\u0131. Ba\u015flayan yang\u0131n sonras\u0131 112 Acil \u00c7a\u011fr\u0131 Merkezine bilgi verildi. B\u00f6lgeye itfaiye, orman araz\u00f6z ve 1112 ambulans ile jandarma ekipleri sevk edildi.<br \/>\n<br \/>\u0130tfaiye ekipleri yanan has\u0131r eve m\u00fcdahale ederek s\u00f6nd\u00fcrd\u00fc.<br \/><\/p>\n","protected":false},"excerpt":{"rendered":"<p>Mu\u011fla\u2019n\u0131n K\u00f6yce\u011fiz il\u00e7esi Beyobas\u0131 kav\u015fa\u011f\u0131 mevkiinde has\u0131r \u00fcretimi yap\u0131lan evde has\u0131rlar\u0131n tutu\u015fmas\u0131 sonras\u0131 has\u0131r ev tamamen yand\u0131. Edinilen bilgiye g\u00f6re, K\u00f6yce\u011fiz-Ortaca karayolu Beyobas\u0131 Zeytinalan\u0131 mahallesinde has\u0131r \u00fcretimi yapan vatanda\u015flar yakt\u0131klar\u0131 ate\u015f kuru has\u0131rlara s\u0131\u00e7rad\u0131. Ba\u015flayan yang\u0131n sonras\u0131 112 Acil \u00c7a\u011fr\u0131 Merkezine bilgi verildi. B\u00f6lgeye itfaiye, orman araz\u00f6z ve 1112 ambulans ile jandarma ekipleri sevk edildi&#8230;.<\/p>\n","protected":false},"author":1,"featured_media":85929,"comment_status":"open","ping_status":"open","sticky":false,"template":"","format":"standard","meta":{"_crdt_document":"","footnotes":""},"categories":[5],"tags":[],"class_list":["post-85928","post","type-post","status-publish","format-standard","has-post-thumbnail","hentry","category-asayis"],"_links":{"self":[{"href":"https:\/\/www.egemtv.com\/index.php?rest_route=\/wp\/v2\/posts\/85928","targetHints":{"allow":["GET"]}}],"collection":[{"href":"https:\/\/www.egemtv.com\/index.php?rest_route=\/wp\/v2\/posts"}],"about":[{"href":"https:\/\/www.egemtv.com\/index.php?rest_route=\/wp\/v2\/types\/post"}],"author":[{"embeddable":true,"href":"https:\/\/www.egemtv.com\/index.php?rest_route=\/wp\/v2\/users\/1"}],"replies":[{"embeddable":true,"href":"https:\/\/www.egemtv.com\/index.php?rest_route=%2Fwp%2Fv2%2Fcomments&post=85928"}],"version-history":[{"count":1,"href":"https:\/\/www.egemtv.com\/index.php?rest_route=\/wp\/v2\/posts\/85928\/revisions"}],"predecessor-version":[{"id":85930,"href":"https:\/\/www.egemtv.com\/index.php?rest_route=\/wp\/v2\/posts\/85928\/revisions\/85930"}],"wp:featuredmedia":[{"embeddable":true,"href":"https:\/\/www.egemtv.com\/index.php?rest_route=\/wp\/v2\/media\/85929"}],"wp:attachment":[{"href":"https:\/\/www.egemtv.com\/index.php?rest_route=%2Fwp%2Fv2%2Fmedia&parent=85928"}],"wp:term":[{"taxonomy":"category","embeddable":true,"href":"https:\/\/www.egemtv.com\/index.php?rest_route=%2Fwp%2Fv2%2Fcategories&post=85928"},{"taxonomy":"post_tag","embeddable":true,"href":"https:\/\/www.egemtv.com\/index.php?rest_route=%2Fwp%2Fv2%2Ftags&post=85928"}],"curies":[{"name":"wp","href":"https:\/\/api.w.org\/{rel}","templated":true}]}}