{"id":85925,"date":"2026-02-06T17:15:17","date_gmt":"2026-02-06T14:15:17","guid":{"rendered":"https:\/\/www.egemtv.com\/?p=85925"},"modified":"2026-02-06T17:15:18","modified_gmt":"2026-02-06T14:15:18","slug":"denizlide-kamyonda-tufekle-vurulmus-halde-olu-bulundu","status":"publish","type":"post","link":"https:\/\/www.egemtv.com\/?p=85925","title":{"rendered":"Denizli\u2019de kamyonda t\u00fcfekle vurulmu\u015f halde \u00f6l\u00fc bulundu"},"content":{"rendered":"<p>Denizli\u2019de bir \u015fah\u0131s kamyonda t\u00fcfekle vurulmu\u015f halde \u00f6l\u00fc bulundu.<br \/>\n<br \/>Olay, Merkezefendi il\u00e7esi Sel\u00e7ukbey Mahallesi\u2019nde meydana geldi. Edinilen bilgilere g\u00f6re; \u00f6\u011fle saatlerinde 20 ABV 274 plakal\u0131 kamyonda Tuncay Kaplan (42) t\u00fcfekle vurulmu\u015f halde \u00f6l\u00fc bulundu. Durumu fark eden \u00e7evredeki vatanda\u015flar durumu polise bildirdi. \u0130hbarla olay yerine polis ve sa\u011fl\u0131k ekipleri sevk edildi.<br \/>\n<br \/>Tuncay Kaplan\u2019\u0131n cenazesi otopsi yap\u0131lmak \u00fczere Adli T\u0131p Kurumu Denizli B\u00f6lge Ba\u015fkanl\u0131\u011f\u0131 morguna kald\u0131r\u0131ld\u0131. Ac\u0131 haberi al\u0131p olay yerine gelen yak\u0131nlar\u0131 g\u00f6zya\u015flar\u0131na hakim olamad\u0131.<br \/><\/p>\n","protected":false},"excerpt":{"rendered":"<p>Denizli\u2019de bir \u015fah\u0131s kamyonda t\u00fcfekle vurulmu\u015f halde \u00f6l\u00fc bulundu. Olay, Merkezefendi il\u00e7esi Sel\u00e7ukbey Mahallesi\u2019nde meydana geldi. Edinilen bilgilere g\u00f6re; \u00f6\u011fle saatlerinde 20 ABV 274 plakal\u0131 kamyonda Tuncay Kaplan (42) t\u00fcfekle vurulmu\u015f halde \u00f6l\u00fc bulundu. Durumu fark eden \u00e7evredeki vatanda\u015flar durumu polise bildirdi. \u0130hbarla olay yerine polis ve sa\u011fl\u0131k ekipleri sevk edildi. Tuncay Kaplan\u2019\u0131n cenazesi otopsi&#8230;<\/p>\n","protected":false},"author":1,"featured_media":85926,"comment_status":"open","ping_status":"open","sticky":false,"template":"","format":"standard","meta":{"_crdt_document":"","footnotes":""},"categories":[5],"tags":[],"class_list":["post-85925","post","type-post","status-publish","format-standard","has-post-thumbnail","hentry","category-asayis"],"_links":{"self":[{"href":"https:\/\/www.egemtv.com\/index.php?rest_route=\/wp\/v2\/posts\/85925","targetHints":{"allow":["GET"]}}],"collection":[{"href":"https:\/\/www.egemtv.com\/index.php?rest_route=\/wp\/v2\/posts"}],"about":[{"href":"https:\/\/www.egemtv.com\/index.php?rest_route=\/wp\/v2\/types\/post"}],"author":[{"embeddable":true,"href":"https:\/\/www.egemtv.com\/index.php?rest_route=\/wp\/v2\/users\/1"}],"replies":[{"embeddable":true,"href":"https:\/\/www.egemtv.com\/index.php?rest_route=%2Fwp%2Fv2%2Fcomments&post=85925"}],"version-history":[{"count":1,"href":"https:\/\/www.egemtv.com\/index.php?rest_route=\/wp\/v2\/posts\/85925\/revisions"}],"predecessor-version":[{"id":85927,"href":"https:\/\/www.egemtv.com\/index.php?rest_route=\/wp\/v2\/posts\/85925\/revisions\/85927"}],"wp:featuredmedia":[{"embeddable":true,"href":"https:\/\/www.egemtv.com\/index.php?rest_route=\/wp\/v2\/media\/85926"}],"wp:attachment":[{"href":"https:\/\/www.egemtv.com\/index.php?rest_route=%2Fwp%2Fv2%2Fmedia&parent=85925"}],"wp:term":[{"taxonomy":"category","embeddable":true,"href":"https:\/\/www.egemtv.com\/index.php?rest_route=%2Fwp%2Fv2%2Fcategories&post=85925"},{"taxonomy":"post_tag","embeddable":true,"href":"https:\/\/www.egemtv.com\/index.php?rest_route=%2Fwp%2Fv2%2Ftags&post=85925"}],"curies":[{"name":"wp","href":"https:\/\/api.w.org\/{rel}","templated":true}]}}