{"id":85919,"date":"2026-02-06T17:15:15","date_gmt":"2026-02-06T14:15:15","guid":{"rendered":"https:\/\/www.egemtv.com\/?p=85919"},"modified":"2026-02-06T17:15:16","modified_gmt":"2026-02-06T14:15:16","slug":"yukut-1-yasinda","status":"publish","type":"post","link":"https:\/\/www.egemtv.com\/?p=85919","title":{"rendered":"YUKUT 1 ya\u015f\u0131nda"},"content":{"rendered":"<p>Yunusemre Belediyesi Arama Kurtarma Ekibi (YUKUT), kurulu\u015funun birinci y\u0131l\u0131n\u0131 belediye hizmet binas\u0131nda a\u00e7\u0131lan sergiyle kutlad\u0131. Sergide, ekibin bir y\u0131l boyunca ger\u00e7ekle\u015ftirdi\u011fi e\u011fitimler, tatbikatlar ve saha \u00e7al\u0131\u015fmalar\u0131 g\u00f6zler \u00f6n\u00fcne serildi.<br \/>\n<br \/>Yunusemre Belediyesi taraf\u0131ndan ge\u00e7ti\u011fimiz y\u0131l kurulan Arama Kurtarma Ekibi (YUKUT), birinci kurulu\u015f y\u0131l d\u00f6n\u00fcm\u00fcn\u00fc belediye hizmet binas\u0131nda d\u00fczenlenen sergiyle kutlad\u0131. A\u00e7\u0131l\u0131\u015fa Yunusemre Belediye Ba\u015fkan Yard\u0131mc\u0131lar\u0131 Ali Kuyumcu, Emine \u00d6zge Arslan, Mehmet Mesut Do\u011fan ve Dr. Efe Yakkan\u2019\u0131n yan\u0131 s\u0131ra Manisa B\u00fcy\u00fck\u015fehir Belediyesi Afet \u0130\u015fleri ve Risk Y\u00f6netimi Dairesi Ba\u015fkan\u0131 Nurdan \u00d6zkan, Sivil Toplum Kurulu\u015flar\u0131 ile \u0130li\u015fkiler Dairesi Ba\u015fkan\u0131 Ziya \u00c7i\u00e7ek, AFAD \u0130l M\u00fcd\u00fcr Yard\u0131mc\u0131s\u0131 F\u0131rat \u015een, belediye birim m\u00fcd\u00fcrleri, sivil toplum kurulu\u015fu temsilcileri ve YUKUT ekibi kat\u0131ld\u0131.<br \/>\n<br \/>Sergide, YUKUT\u2019un bir y\u0131l i\u00e7erisinde ald\u0131\u011f\u0131 e\u011fitimler, ger\u00e7ekle\u015ftirdi\u011fi tatbikatlar ve sahada y\u00fcr\u00fctt\u00fc\u011f\u00fc \u00e7al\u0131\u015fmalar foto\u011fraflarla anlat\u0131ld\u0131. Afet ve acil durumlarda g\u00f6rev alan ekip \u00fcyelerinin \u00e7al\u0131\u015fmalar\u0131ndan kareler ile kullan\u0131lan ekipmanlar ziyaret\u00e7ilerin be\u011fenisine sunuldu. K\u0131sa s\u00fcrede kazand\u0131\u011f\u0131 tecr\u00fcbe ve kurumsal yap\u0131lanmas\u0131yla dikkat \u00e7eken YUKUT, afetlere haz\u0131rl\u0131k konusunda \u00f6nemli bir rol \u00fcstlendi\u011fini bir kez daha ortaya koydu.<br \/>\n<br \/>A\u00e7\u0131l\u0131\u015fa kat\u0131lan protokol \u00fcyeleri ve ziyaret\u00e7iler, sergiyi gezerek ekipten yap\u0131lan \u00e7al\u0131\u015fmalar hakk\u0131nda bilgi ald\u0131. YUKUT\u2019un \u00f6zverili \u00e7al\u0131\u015fmalar\u0131 takdir toplarken, sergi afet bilincinin art\u0131r\u0131lmas\u0131na da katk\u0131 sa\u011flad\u0131.<br \/><\/p>\n","protected":false},"excerpt":{"rendered":"<p>Yunusemre Belediyesi Arama Kurtarma Ekibi (YUKUT), kurulu\u015funun birinci y\u0131l\u0131n\u0131 belediye hizmet binas\u0131nda a\u00e7\u0131lan sergiyle kutlad\u0131. Sergide, ekibin bir y\u0131l boyunca ger\u00e7ekle\u015ftirdi\u011fi e\u011fitimler, tatbikatlar ve saha \u00e7al\u0131\u015fmalar\u0131 g\u00f6zler \u00f6n\u00fcne serildi. Yunusemre Belediyesi taraf\u0131ndan ge\u00e7ti\u011fimiz y\u0131l kurulan Arama Kurtarma Ekibi (YUKUT), birinci kurulu\u015f y\u0131l d\u00f6n\u00fcm\u00fcn\u00fc belediye hizmet binas\u0131nda d\u00fczenlenen sergiyle kutlad\u0131. A\u00e7\u0131l\u0131\u015fa Yunusemre Belediye Ba\u015fkan Yard\u0131mc\u0131lar\u0131 Ali&#8230;<\/p>\n","protected":false},"author":1,"featured_media":85920,"comment_status":"open","ping_status":"open","sticky":false,"template":"","format":"standard","meta":{"_crdt_document":"","footnotes":""},"categories":[123],"tags":[],"class_list":["post-85919","post","type-post","status-publish","format-standard","has-post-thumbnail","hentry","category-gundem"],"_links":{"self":[{"href":"https:\/\/www.egemtv.com\/index.php?rest_route=\/wp\/v2\/posts\/85919","targetHints":{"allow":["GET"]}}],"collection":[{"href":"https:\/\/www.egemtv.com\/index.php?rest_route=\/wp\/v2\/posts"}],"about":[{"href":"https:\/\/www.egemtv.com\/index.php?rest_route=\/wp\/v2\/types\/post"}],"author":[{"embeddable":true,"href":"https:\/\/www.egemtv.com\/index.php?rest_route=\/wp\/v2\/users\/1"}],"replies":[{"embeddable":true,"href":"https:\/\/www.egemtv.com\/index.php?rest_route=%2Fwp%2Fv2%2Fcomments&post=85919"}],"version-history":[{"count":1,"href":"https:\/\/www.egemtv.com\/index.php?rest_route=\/wp\/v2\/posts\/85919\/revisions"}],"predecessor-version":[{"id":85921,"href":"https:\/\/www.egemtv.com\/index.php?rest_route=\/wp\/v2\/posts\/85919\/revisions\/85921"}],"wp:featuredmedia":[{"embeddable":true,"href":"https:\/\/www.egemtv.com\/index.php?rest_route=\/wp\/v2\/media\/85920"}],"wp:attachment":[{"href":"https:\/\/www.egemtv.com\/index.php?rest_route=%2Fwp%2Fv2%2Fmedia&parent=85919"}],"wp:term":[{"taxonomy":"category","embeddable":true,"href":"https:\/\/www.egemtv.com\/index.php?rest_route=%2Fwp%2Fv2%2Fcategories&post=85919"},{"taxonomy":"post_tag","embeddable":true,"href":"https:\/\/www.egemtv.com\/index.php?rest_route=%2Fwp%2Fv2%2Ftags&post=85919"}],"curies":[{"name":"wp","href":"https:\/\/api.w.org\/{rel}","templated":true}]}}