{"id":85913,"date":"2026-02-06T16:55:02","date_gmt":"2026-02-06T13:55:02","guid":{"rendered":"https:\/\/www.egemtv.com\/?p=85913"},"modified":"2026-02-06T16:55:03","modified_gmt":"2026-02-06T13:55:03","slug":"koycegizde-deprem-sehitleri-icin-dua-ve-lokma-hayri-yapildi","status":"publish","type":"post","link":"https:\/\/www.egemtv.com\/?p=85913","title":{"rendered":"K\u00f6yce\u011fiz\u2019de deprem \u015fehitleri i\u00e7in dua ve lokma hayr\u0131 yap\u0131ld\u0131"},"content":{"rendered":"<p>Mu\u011fla\u2019n\u0131n K\u00f6yce\u011fiz il\u00e7esinde Kahramanmara\u015f merkezli asr\u0131n felaketinde \u015fehit olan vatanda\u015flar ile b\u00fct\u00fcn \u015fehitler i\u00e7in depremin 3.y\u0131l d\u00f6n\u00fcm\u00fcnde Kaymakam Mert Kumcu\u2019nun himayelerinde \u0130l\u00e7e M\u00fcft\u00fcl\u00fc\u011f\u00fcnce Cuma namaz\u0131ndan \u00f6nce t\u00fcm camilerde Mevlidi \u015eerif okunup, cuma \u00e7\u0131k\u0131\u015f\u0131nda lokma hayr\u0131 yap\u0131ld\u0131.<\/p>\n<p>Merkez Hac\u0131bey Camiinde Din g\u00f6revlilerinin Kuran\u0131 Kerim tilavetleri, Mevlidi \u015ferif okumalar\u0131ndan sonra Vaiz Rauf Evleksiz dua yap\u0131p \u0130l\u00e7e M\u00fcft\u00fcs\u00fc Ahmet Karag\u00f6z namaz \u00f6ncesi vaaz etti. Vaaz\u0131nda M\u00fcft\u00fc Karag\u00f6z: &#8220;Kahramanmara\u015f merkezli asr\u0131n felaketi, sadece binalar\u0131 de\u011fil; umutlar\u0131, hat\u0131ralar\u0131, yar\u0131m kalm\u0131\u015f hayatlar\u0131 da yerle bir etti. Karanl\u0131\u011f\u0131n i\u00e7inden y\u00fckselen \u00e7\u0131\u011fl\u0131klar, so\u011fu\u011fun ve \u00e7aresizli\u011fin ortas\u0131nda yank\u0131land\u0131. Bir gecede nice ev sustu, nice ocak s\u00f6nd\u00fc. O an zaman dondu, takvimler 6 \u015eubat\u2019ta kald\u0131. Kahramanmara\u015f depremi; ac\u0131n\u0131n ad\u0131, sabr\u0131n imtihan\u0131, Millet\u00e7e karde\u015fli\u011fin yeniden yaz\u0131ld\u0131\u011f\u0131 bir g\u00fcnd\u00fcr. Y\u0131llar ge\u00e7se de o sabah\u0131n so\u011fu\u011fu i\u00e7imizden eksilmeyecek. Kaybettiklerimiz dualar\u0131m\u0131zda, kalanlar birbirimizin y\u00fcre\u011finde ya\u015fayacak. Unutmad\u0131k unutmayaca\u011f\u0131z&#8221; dedi.<\/p>\n<p>Cuma namaz\u0131ndan sonra Kaymakam Kumcu ve protokol \u00fcyeleri vatanda\u015flara lokma ikram\u0131nda bulunup programda eme\u011fi ge\u00e7en t\u00fcm m\u00fcft\u00fcl\u00fck personellerine te\u015fekk\u00fcr etti. Merkez Hac\u0131bey Camii\u2019ndeki programa K\u00f6yce\u011fiz Kaymakam\u0131 Mert Kumcu, protokol \u00fcyeleri ve vatanda\u015flar i\u015ftirak etti.<br \/><\/p>\n","protected":false},"excerpt":{"rendered":"<p>Mu\u011fla\u2019n\u0131n K\u00f6yce\u011fiz il\u00e7esinde Kahramanmara\u015f merkezli asr\u0131n felaketinde \u015fehit olan vatanda\u015flar ile b\u00fct\u00fcn \u015fehitler i\u00e7in depremin 3.y\u0131l d\u00f6n\u00fcm\u00fcnde Kaymakam Mert Kumcu\u2019nun himayelerinde \u0130l\u00e7e M\u00fcft\u00fcl\u00fc\u011f\u00fcnce Cuma namaz\u0131ndan \u00f6nce t\u00fcm camilerde Mevlidi \u015eerif okunup, cuma \u00e7\u0131k\u0131\u015f\u0131nda lokma hayr\u0131 yap\u0131ld\u0131. Merkez Hac\u0131bey Camiinde Din g\u00f6revlilerinin Kuran\u0131 Kerim tilavetleri, Mevlidi \u015ferif okumalar\u0131ndan sonra Vaiz Rauf Evleksiz dua yap\u0131p \u0130l\u00e7e M\u00fcft\u00fcs\u00fc&#8230;<\/p>\n","protected":false},"author":1,"featured_media":85914,"comment_status":"open","ping_status":"open","sticky":false,"template":"","format":"standard","meta":{"_crdt_document":"","footnotes":""},"categories":[1],"tags":[],"class_list":["post-85913","post","type-post","status-publish","format-standard","has-post-thumbnail","hentry","category-guncel"],"_links":{"self":[{"href":"https:\/\/www.egemtv.com\/index.php?rest_route=\/wp\/v2\/posts\/85913","targetHints":{"allow":["GET"]}}],"collection":[{"href":"https:\/\/www.egemtv.com\/index.php?rest_route=\/wp\/v2\/posts"}],"about":[{"href":"https:\/\/www.egemtv.com\/index.php?rest_route=\/wp\/v2\/types\/post"}],"author":[{"embeddable":true,"href":"https:\/\/www.egemtv.com\/index.php?rest_route=\/wp\/v2\/users\/1"}],"replies":[{"embeddable":true,"href":"https:\/\/www.egemtv.com\/index.php?rest_route=%2Fwp%2Fv2%2Fcomments&post=85913"}],"version-history":[{"count":1,"href":"https:\/\/www.egemtv.com\/index.php?rest_route=\/wp\/v2\/posts\/85913\/revisions"}],"predecessor-version":[{"id":85915,"href":"https:\/\/www.egemtv.com\/index.php?rest_route=\/wp\/v2\/posts\/85913\/revisions\/85915"}],"wp:featuredmedia":[{"embeddable":true,"href":"https:\/\/www.egemtv.com\/index.php?rest_route=\/wp\/v2\/media\/85914"}],"wp:attachment":[{"href":"https:\/\/www.egemtv.com\/index.php?rest_route=%2Fwp%2Fv2%2Fmedia&parent=85913"}],"wp:term":[{"taxonomy":"category","embeddable":true,"href":"https:\/\/www.egemtv.com\/index.php?rest_route=%2Fwp%2Fv2%2Fcategories&post=85913"},{"taxonomy":"post_tag","embeddable":true,"href":"https:\/\/www.egemtv.com\/index.php?rest_route=%2Fwp%2Fv2%2Ftags&post=85913"}],"curies":[{"name":"wp","href":"https:\/\/api.w.org\/{rel}","templated":true}]}}