{"id":85910,"date":"2026-02-06T16:55:01","date_gmt":"2026-02-06T13:55:01","guid":{"rendered":"https:\/\/www.egemtv.com\/?p=85910"},"modified":"2026-02-06T16:55:02","modified_gmt":"2026-02-06T13:55:02","slug":"belediye-ekiplerinin-yogun-mesaisi-suruyor","status":"publish","type":"post","link":"https:\/\/www.egemtv.com\/?p=85910","title":{"rendered":"Belediye ekiplerinin yo\u011fun mesaisi s\u00fcr\u00fcyor"},"content":{"rendered":"<p>Bodrum Belediyesi ekipleri, 5 \u015eubat Per\u015fembe g\u00fcn\u00fc ak\u015fam saatlerinden itibaren il\u00e7e genelinde etkisini art\u0131ran \u015fiddetli ya\u011f\u0131\u015flar\u0131n neden oldu\u011fu afet durumuna kar\u015f\u0131 t\u00fcm imkanlar\u0131yla \u00e7al\u0131\u015fmalar\u0131n\u0131 s\u00fcrd\u00fcr\u00fcyor.<\/p>\n<p>Belediye Ba\u015fkan\u0131 Tamer Mandalinci\u2019nin koordinasyonunda; Afet \u0130\u015fleri ve Risk Y\u00f6netimi, Fen \u0130\u015fleri, Zab\u0131ta, Park ve Bah\u00e7eler, Temizlik \u0130\u015fleri ve Destek Hizmetleri M\u00fcd\u00fcrl\u00fckleri ekipleri; MUSK\u0130, Mu\u011fla B\u00fcy\u00fck\u015fehir Belediyesi \u0130tfaiyesi, ADM, AKOM ekipleri ve mahalle muhtarlar\u0131yla birlikte koordineli bir \u00e7al\u0131\u015fma y\u00fcr\u00fctt\u00fc. Ba\u015fkan Vekili ve Meclis \u00dcyesi Azat \u00d6zt\u00fcrk, ba\u015fkan yard\u0131mc\u0131lar\u0131, meclis \u00fcyeleri ve birim m\u00fcd\u00fcrleri, il\u00e7enin farkl\u0131 mahallelerinde s\u00fcrd\u00fcr\u00fclen \u00e7al\u0131\u015fmalar\u0131 yerinde inceledi.<\/p>\n<p>Ekipler, ya\u011f\u0131\u015flar nedeniyle ev ve i\u015f yerlerinde meydana gelen su bask\u0131nlar\u0131na k\u0131sa s\u00fcrede m\u00fcdahale ederken; dere ta\u015fk\u0131nlar\u0131n\u0131n yol a\u00e7abilece\u011fi riskleri azaltmak ve karayollar\u0131nda olu\u015fan hasarlar\u0131 gidererek ula\u015f\u0131m\u0131n aksamamas\u0131n\u0131 sa\u011flamak i\u00e7in yo\u011fun mesai harcad\u0131. \u00c7a\u011fr\u0131 Merkezi ve di\u011fer ileti\u015fim kanallar\u0131yla belediyeye ula\u015fan t\u00fcm ihbarlar, ivedilikle sahadaki ilgili birimlere aktar\u0131ld\u0131.<\/p>\n<p>Konac\u0131k Mahallesi\u2019nde \u00fc\u00e7 katl\u0131 bir i\u015f yerinin zemin kat\u0131nda ya\u015fanan su bask\u0131n\u0131na m\u00fcdahale s\u0131ras\u0131nda, Afet \u0130\u015fleri ve Risk Y\u00f6netimi M\u00fcd\u00fcrl\u00fc\u011f\u00fc personeli ile i\u015fletme sahibi iki ki\u015fi, motopomptan \u00e7\u0131kan gazdan etkilenme \u015f\u00fcphesiyle hastaneye sevk edildi. Yap\u0131lan kontrollerin ard\u0131ndan sa\u011fl\u0131k durumlar\u0131n\u0131n iyi oldu\u011fu bildirildi.<\/p>\n<p>Bitez &#8211; S\u00f6\u011f\u00fctl\u00fc Deresi\u2019nde mahsur kalan iki ara\u00e7 ve G\u00fcndo\u011fan Mahallesi\u2019nde \u00e7\u00f6ken istinat duvar\u0131n\u0131n bulundu\u011fu b\u00f6lgede mahsur kalan iki ara\u00e7taki vatanda\u015flar, Afet \u0130\u015fleri ve Risk Y\u00f6netimi M\u00fcd\u00fcrl\u00fc\u011f\u00fc ekipleri taraf\u0131ndan g\u00fcvenli alana tahliye edildi. Ayr\u0131ca, Bitez S\u00f6\u011f\u00fctl\u00fc Dere b\u00f6lgesinde bir vatanda\u015f\u0131n sel sular\u0131na kap\u0131lma tehlikesi ya\u015fad\u0131\u011f\u0131 ihbar\u0131 \u00fczerine harekete ge\u00e7en BAK ekibi, vatanda\u015f\u0131 g\u00fcvenli alana sevk etti. Yap\u0131lan \u00e7al\u0131\u015fmalar kapsam\u0131nda mahsur kalan toplamda 9 vatanda\u015f\u0131n tahliyesi sa\u011fland\u0131.<\/p>\n<p>Kent genelinde etkili olan ya\u011f\u0131\u015f sonras\u0131nda 109 ev ve i\u015f yeri ile 4 ara\u00e7 etkilenirken; belediye ekipleri, ba\u015fkan vekili ve ba\u015fkan yard\u0131mlar\u0131yla olumsuzluk ya\u015fanan b\u00f6lgelerde incelemelerde bulunmaya devam ediyor.<\/p>\n<p>Saha \u00c7\u00f6z\u00fcm ve Koordinasyon Merkezi ekipleri, ya\u011f\u0131\u015ftan etkilenen evleri ziyaret ediyor. Temizlik \u0130\u015fleri ve Fen \u0130\u015fleri M\u00fcd\u00fcrl\u00fckleri, vidanj\u00f6r ve motopomplarla su tahliyelerini ger\u00e7ekle\u015ftirirken, yollarda temizlik ve evlerde su tahliye \u00e7al\u0131\u015fmalar\u0131 y\u00fcr\u00fct\u00fcl\u00fcyor.<\/p>\n<p>Belediye yetkilikleri iyile\u015ftirme \u00e7al\u0131\u015fmalar\u0131 ve saha kontrollerinin s\u00fcrd\u00fcr\u00fclece\u011fini belirtirken, herhangi bir olumsuzluk durumunda vatanda\u015flar\u0131n belediyenin 444 00 48 numaral\u0131 \u00c7a\u011fr\u0131 Merkezi ile ileti\u015fime ge\u00e7melerini istedi.<br \/><\/p>\n","protected":false},"excerpt":{"rendered":"<p>Bodrum Belediyesi ekipleri, 5 \u015eubat Per\u015fembe g\u00fcn\u00fc ak\u015fam saatlerinden itibaren il\u00e7e genelinde etkisini art\u0131ran \u015fiddetli ya\u011f\u0131\u015flar\u0131n neden oldu\u011fu afet durumuna kar\u015f\u0131 t\u00fcm imkanlar\u0131yla \u00e7al\u0131\u015fmalar\u0131n\u0131 s\u00fcrd\u00fcr\u00fcyor. Belediye Ba\u015fkan\u0131 Tamer Mandalinci\u2019nin koordinasyonunda; Afet \u0130\u015fleri ve Risk Y\u00f6netimi, Fen \u0130\u015fleri, Zab\u0131ta, Park ve Bah\u00e7eler, Temizlik \u0130\u015fleri ve Destek Hizmetleri M\u00fcd\u00fcrl\u00fckleri ekipleri; MUSK\u0130, Mu\u011fla B\u00fcy\u00fck\u015fehir Belediyesi \u0130tfaiyesi, ADM, AKOM&#8230;<\/p>\n","protected":false},"author":1,"featured_media":85911,"comment_status":"open","ping_status":"open","sticky":false,"template":"","format":"standard","meta":{"_crdt_document":"","footnotes":""},"categories":[1],"tags":[],"class_list":["post-85910","post","type-post","status-publish","format-standard","has-post-thumbnail","hentry","category-guncel"],"_links":{"self":[{"href":"https:\/\/www.egemtv.com\/index.php?rest_route=\/wp\/v2\/posts\/85910","targetHints":{"allow":["GET"]}}],"collection":[{"href":"https:\/\/www.egemtv.com\/index.php?rest_route=\/wp\/v2\/posts"}],"about":[{"href":"https:\/\/www.egemtv.com\/index.php?rest_route=\/wp\/v2\/types\/post"}],"author":[{"embeddable":true,"href":"https:\/\/www.egemtv.com\/index.php?rest_route=\/wp\/v2\/users\/1"}],"replies":[{"embeddable":true,"href":"https:\/\/www.egemtv.com\/index.php?rest_route=%2Fwp%2Fv2%2Fcomments&post=85910"}],"version-history":[{"count":1,"href":"https:\/\/www.egemtv.com\/index.php?rest_route=\/wp\/v2\/posts\/85910\/revisions"}],"predecessor-version":[{"id":85912,"href":"https:\/\/www.egemtv.com\/index.php?rest_route=\/wp\/v2\/posts\/85910\/revisions\/85912"}],"wp:featuredmedia":[{"embeddable":true,"href":"https:\/\/www.egemtv.com\/index.php?rest_route=\/wp\/v2\/media\/85911"}],"wp:attachment":[{"href":"https:\/\/www.egemtv.com\/index.php?rest_route=%2Fwp%2Fv2%2Fmedia&parent=85910"}],"wp:term":[{"taxonomy":"category","embeddable":true,"href":"https:\/\/www.egemtv.com\/index.php?rest_route=%2Fwp%2Fv2%2Fcategories&post=85910"},{"taxonomy":"post_tag","embeddable":true,"href":"https:\/\/www.egemtv.com\/index.php?rest_route=%2Fwp%2Fv2%2Ftags&post=85910"}],"curies":[{"name":"wp","href":"https:\/\/api.w.org\/{rel}","templated":true}]}}