{"id":85907,"date":"2026-02-06T16:55:00","date_gmt":"2026-02-06T13:55:00","guid":{"rendered":"https:\/\/www.egemtv.com\/?p=85907"},"modified":"2026-02-06T16:55:01","modified_gmt":"2026-02-06T13:55:01","slug":"buyuksehirden-6-subat-hayri","status":"publish","type":"post","link":"https:\/\/www.egemtv.com\/?p=85907","title":{"rendered":"B\u00fcy\u00fck\u015fehir\u2019den \u20186 \u015eubat\u2019 hayr\u0131"},"content":{"rendered":"<p>Ayd\u0131n B\u00fcy\u00fck\u015fehir Belediyesi, 6 \u015eubat Kahramanmara\u015f depremlerinin y\u0131ld\u00f6n\u00fcm\u00fcnde binlerce vatanda\u015fa nohutlu pilav hayr\u0131 yapt\u0131.<\/p>\n<p>Hay\u0131rdan alan vatanda\u015flar, depremde hayat\u0131n\u0131 kaybedenler i\u00e7in dualar ederken, g\u00f6sterilen duyarl\u0131l\u0131k dolay\u0131s\u0131yla Ayd\u0131n B\u00fcy\u00fck\u015fehir Belediye Ba\u015fkan\u0131 \u00d6zlem \u00c7er\u00e7io\u011flu\u2019na te\u015fekk\u00fcr etti. 6 \u015eubat depremlerinde ya\u015fam\u0131n\u0131 yitiren vatanda\u015flar\u0131 rahmet ve minnetle and\u0131klar\u0131n\u0131 ifade eden Ba\u015fkan \u00c7er\u00e7io\u011flu, depremde hayatlar\u0131n\u0131 kaybeden vatanda\u015flar\u0131m\u0131z\u0131 unutmayacaklar\u0131n\u0131 s\u00f6yledi. \u00c7er\u00e7io\u011flu, benzer ac\u0131lar\u0131n ya\u015fanmamas\u0131 temennisinde bulundu.<br \/><\/p>\n","protected":false},"excerpt":{"rendered":"<p>Ayd\u0131n B\u00fcy\u00fck\u015fehir Belediyesi, 6 \u015eubat Kahramanmara\u015f depremlerinin y\u0131ld\u00f6n\u00fcm\u00fcnde binlerce vatanda\u015fa nohutlu pilav hayr\u0131 yapt\u0131. Hay\u0131rdan alan vatanda\u015flar, depremde hayat\u0131n\u0131 kaybedenler i\u00e7in dualar ederken, g\u00f6sterilen duyarl\u0131l\u0131k dolay\u0131s\u0131yla Ayd\u0131n B\u00fcy\u00fck\u015fehir Belediye Ba\u015fkan\u0131 \u00d6zlem \u00c7er\u00e7io\u011flu\u2019na te\u015fekk\u00fcr etti. 6 \u015eubat depremlerinde ya\u015fam\u0131n\u0131 yitiren vatanda\u015flar\u0131 rahmet ve minnetle and\u0131klar\u0131n\u0131 ifade eden Ba\u015fkan \u00c7er\u00e7io\u011flu, depremde hayatlar\u0131n\u0131 kaybeden vatanda\u015flar\u0131m\u0131z\u0131 unutmayacaklar\u0131n\u0131 s\u00f6yledi. \u00c7er\u00e7io\u011flu,&#8230;<\/p>\n","protected":false},"author":1,"featured_media":85908,"comment_status":"open","ping_status":"open","sticky":false,"template":"","format":"standard","meta":{"_crdt_document":"","footnotes":""},"categories":[1],"tags":[],"class_list":["post-85907","post","type-post","status-publish","format-standard","has-post-thumbnail","hentry","category-guncel"],"_links":{"self":[{"href":"https:\/\/www.egemtv.com\/index.php?rest_route=\/wp\/v2\/posts\/85907","targetHints":{"allow":["GET"]}}],"collection":[{"href":"https:\/\/www.egemtv.com\/index.php?rest_route=\/wp\/v2\/posts"}],"about":[{"href":"https:\/\/www.egemtv.com\/index.php?rest_route=\/wp\/v2\/types\/post"}],"author":[{"embeddable":true,"href":"https:\/\/www.egemtv.com\/index.php?rest_route=\/wp\/v2\/users\/1"}],"replies":[{"embeddable":true,"href":"https:\/\/www.egemtv.com\/index.php?rest_route=%2Fwp%2Fv2%2Fcomments&post=85907"}],"version-history":[{"count":1,"href":"https:\/\/www.egemtv.com\/index.php?rest_route=\/wp\/v2\/posts\/85907\/revisions"}],"predecessor-version":[{"id":85909,"href":"https:\/\/www.egemtv.com\/index.php?rest_route=\/wp\/v2\/posts\/85907\/revisions\/85909"}],"wp:featuredmedia":[{"embeddable":true,"href":"https:\/\/www.egemtv.com\/index.php?rest_route=\/wp\/v2\/media\/85908"}],"wp:attachment":[{"href":"https:\/\/www.egemtv.com\/index.php?rest_route=%2Fwp%2Fv2%2Fmedia&parent=85907"}],"wp:term":[{"taxonomy":"category","embeddable":true,"href":"https:\/\/www.egemtv.com\/index.php?rest_route=%2Fwp%2Fv2%2Fcategories&post=85907"},{"taxonomy":"post_tag","embeddable":true,"href":"https:\/\/www.egemtv.com\/index.php?rest_route=%2Fwp%2Fv2%2Ftags&post=85907"}],"curies":[{"name":"wp","href":"https:\/\/api.w.org\/{rel}","templated":true}]}}