{"id":85895,"date":"2026-02-06T16:14:35","date_gmt":"2026-02-06T13:14:35","guid":{"rendered":"https:\/\/www.egemtv.com\/?p=85895"},"modified":"2026-02-06T16:14:36","modified_gmt":"2026-02-06T13:14:36","slug":"deguf-uyeleri-deve-gureslerinin-yapilmamasini-protesto-etti","status":"publish","type":"post","link":"https:\/\/www.egemtv.com\/?p=85895","title":{"rendered":"DEG\u00dcF \u00fcyeleri deve g\u00fcre\u015flerinin yap\u0131lmamas\u0131n\u0131 protesto etti"},"content":{"rendered":"<p>Ayd\u0131n\u2019da Devecilik K\u00fclt\u00fcr\u00fc ve Deve G\u00fcre\u015fleri Federasyonu (DEG\u00dcF) \u00fcyeleri \u015fap hastal\u0131\u011f\u0131 dolay\u0131s\u0131yla yap\u0131lamayan deve g\u00fcre\u015flerini protesto etmek i\u00e7in eylem ger\u00e7ekle\u015ftirdi.<\/p>\n<p>Ayd\u0131n\u2019da hayvanlarda g\u00f6r\u00fclen \u015fap hastal\u0131\u011f\u0131 nedeniyle al\u0131nan karantina tedbirleri kapsam\u0131nda deve g\u00fcre\u015fleri yap\u0131lamad\u0131. \u0130l genelinde hayvan hareketlerinin k\u0131s\u0131tlanmas\u0131yla birlikte organizasyonlar da iptal edilirken, DEG\u00dcF \u00fcyeleri bu durumu protesto etmek i\u00e7in topland\u0131. Ayd\u0131n \u0130l Tar\u0131m ve Orman M\u00fcd\u00fcrl\u00fc\u011f\u00fc \u00f6n\u00fcnde ger\u00e7ekle\u015ftirilen eyleme deve getiren DEF\u00dcF \u00fcyeleri ve g\u00fcre\u015fseverler deve g\u00fcre\u015flerinin yeniden yap\u0131lmas\u0131n\u0131 talep etti. Eylemde deveciler ad\u0131na konu\u015fan DEG\u00dcF Genel Sekreteri Mevl\u00fct Toker, &#8220;Tarih\u00e7esi T\u00fcrklerin Orta Asya\u2019dan \u00e7\u0131k\u0131\u015f\u0131na dayanan k\u00fclt\u00fcrel miras\u0131m\u0131z geleneksel festival ama\u00e7l\u0131 deve g\u00fcre\u015fleri Ayd\u0131n ili ba\u015fta olmak \u00fczere Antalya, Bal\u0131kesir, \u00c7anakkale, Denizli, \u0130zmir, Manisa, Mu\u011fla illeri ve il\u00e7elerinde yap\u0131lmaktad\u0131r. Geleneksel olarak yap\u0131lan deve g\u00fcre\u015fleriyle ilgili \u00fclkemiz etkisi alt\u0131na alan \u015fap hastal\u0131\u011f\u0131 her yeti\u015ftirici gibi biz deve g\u00fcre\u015fi sevdal\u0131lar\u0131n\u0131 da derinden etkilemi\u015ftir. Yap\u0131lan ara\u015ft\u0131rmalar sonucunda devede \u015fap hastal\u0131\u011f\u0131 olmad\u0131\u011f\u0131, hastal\u0131\u011f\u0131 ge\u00e7irmedi\u011fi, at, ku\u015f, insan gibi \u00e7evresel fakt\u00f6rlerini etkileyen etkenler kadar ta\u015f\u0131y\u0131c\u0131 oldu\u011fu federasyonumuz taraf\u0131ndan ispatlanm\u0131\u015f bir ger\u00e7ektir&#8221; dedi.<\/p>\n<p>&#8220;DEG\u00dcF olarak \u00e7al\u0131\u015fma yapt\u0131k&#8221;<br \/>\n<br \/>DEG\u00dcF olarak develerde \u015fap hastal\u0131\u011f\u0131n\u0131n g\u00f6r\u00fclmedi\u011fine dair \u00e7al\u0131\u015fmalar yapt\u0131klar\u0131n\u0131 kaydeden Toker, &#8220;G\u00f6reve geldi\u011fimiz g\u00fcnden bu yana \u015fap hastal\u0131\u011f\u0131 ile ilgili ba\u015fta 5 adet \u00fcniversiteden \u00fclkemize kay\u0131tl\u0131 \u015fap vakas\u0131 olup olmad\u0131\u011f\u0131n\u0131 ara\u015ft\u0131rmaya ba\u015flad\u0131k. Gelen sonu\u00e7lar ba\u015fta Hayvan Genel M\u00fcd\u00fcrl\u00fc\u011f\u00fc\u2019ne ve bahsi ge\u00e7en 8 ilin Tar\u0131m ve Orman \u0130l M\u00fcd\u00fcrl\u00fcklerine yollad\u0131k. Bir an \u00f6nce \u015fap illetinden kurtulunmas\u0131 i\u00e7in DEG\u00dcF olarak yard\u0131mc\u0131 olaca\u011f\u0131m\u0131z\u0131 belirtti\u011fimiz halde Ayd\u0131n \u0130l Tar\u0131m ve Orman M\u00fcd\u00fcr\u00fc Ayhan Temiz bizi dinlememi\u015ftir&#8221; dedi.<\/p>\n<p>&#8220;\u015eap\u0131n faturas\u0131n\u0131 deveciye kesmeye \u00e7al\u0131\u015f\u0131yor&#8221;<br \/>\n<br \/>Ayd\u0131n \u0130l Tar\u0131m ve Orman M\u00fcd\u00fcr\u00fc Ayhan Temiz\u2019e y\u00f6nelik ele\u015ftirileri s\u00fcrd\u00fcren Toker, &#8220;\u015eap hastal\u0131\u011f\u0131 ile m\u00fccadele bizim i\u015fimiz de\u011fildir. Ancak hastal\u0131\u011f\u0131n \u00e7\u0131k\u0131\u015f merkezi G\u00fcneydo\u011fu ve Do\u011fu Anadolu\u2019da hastal\u0131k bitmi\u015f pazarlar a\u00e7\u0131lm\u0131\u015f o b\u00f6lgeden bu b\u00f6lgeye t\u0131r t\u0131r hayvan sevkiyat\u0131 devam etmektedir. G\u00f6r\u00fc\u015ft\u00fc\u011f\u00fcm\u00fcz arkada\u015flar\u0131m\u0131z s\u00fcr\u00fc ba\u011f\u0131\u015f\u0131kl\u0131\u011f\u0131 sistemi ile do\u011fuda hastal\u0131\u011f\u0131n son buldu\u011funu \u00e7ok k\u0131sa s\u00fcrede bu i\u015fin bitti\u011fini s\u00f6ylemi\u015flerdir. Nedense bu hastal\u0131k K\u0131y\u0131 Ege\u2019de s\u0131k\u0131\u015f\u0131p kalm\u0131\u015ft\u0131r. Ayn\u0131 il\u00e7enin bir mahallesi kapal\u0131yken di\u011ferinin a\u00e7\u0131lmas\u0131 nas\u0131l bir m\u00fccadelenin sonucudur? Bu hastal\u0131\u011f\u0131 ta\u015f\u0131yan s\u00fct ve yem kamyonlar\u0131, a\u015f\u0131ya giden g\u00f6revliler oldu\u011funu belirlenmi\u015fken bunlar\u0131 dikkate almay\u0131p fuar fuar ko\u015fan \u00fcreticileri bir araya toplay\u0131p tarla g\u00fcn\u00fc d\u00fczenleyen \u015fap\u0131n faturas\u0131n\u0131 deveciye ve deve g\u00fcre\u015flerine kesmeye \u00e7al\u0131\u015fan Tar\u0131m ve Orman \u0130l M\u00fcd\u00fcr\u00fc Temiz\u2019in halen g\u00f6revde duruyor olmas\u0131 de\u011ferli devlet b\u00fcy\u00fcklerimizin dikkatini \u00e7ekmemesi bizleri d\u00fc\u015f\u00fcnd\u00fcrmektedir&#8221; ifadelerini kulland\u0131.<\/p>\n<p>&#8220;Bir gecede \u015fap \u00e7\u0131kt\u0131&#8221;<br \/>\n<br \/>Sultanhisar il\u00e7esinde aniden \u015fap hastal\u0131\u011f\u0131 g\u00f6r\u00fclmesi y\u00f6n\u00fcnde al\u0131nan karara itiraz eden DEG\u00dcF Genel Sekreteri Toker, &#8220;G\u00f6reve geldi\u011fi g\u00fcnden bu yana hi\u00e7bir \u015fekilde makam\u0131ndan \u00e7\u0131kmam\u0131\u015f Ayd\u0131n ilinin k\u00fclt\u00fcrel de\u011ferlerini merak edip hi\u00e7bir k\u00fclt\u00fcr varl\u0131\u011f\u0131n\u0131 ziyaret etmemi\u015f, bu insanlar ne diyor deyip kulak bile kabartmam\u0131\u015f prosed\u00fcr y\u00f6netmeliklerin arkas\u0131na s\u0131\u011f\u0131n\u0131p &#8220;ben g\u00f6revimi icra ediyorum&#8221; diyerek bizleri hakir g\u00f6r\u00fcp, 27-30 Kas\u0131m 2025 tarihlerinde Ayd\u0131n Tekstil Park\u2019taki fuar alan\u0131ndaki tar\u0131m fuar\u0131na, say\u0131s\u0131z tarla g\u00fcnl\u00fcklerine ve yeni yap\u0131lacak olan tar\u0131m fuar\u0131na olumlu g\u00f6r\u00fc\u015f vererek deve g\u00fcre\u015flerine ve y\u00f6r\u00fck k\u00fclt\u00fcr\u00fcn\u00fc \u00f6nemsememi\u015ftir. Bu zamana kadar sustuk. Barda\u011f\u0131 ta\u015f\u0131ran son damla 26 Ocak 2026 tarihinde K\u00f6\u015fk il\u00e7emizde \u015fap karantinas\u0131 Tar\u0131m ve Orman Bakanl\u0131\u011f\u0131\u2019n\u0131n iste\u011fi \u015fekilde kald\u0131r\u0131lmas\u0131n\u0131n ard\u0131ndan biz de DEG\u00dcF olarak bu karara istinaden Ayd\u0131n Valili\u011fi\u2019ne g\u00fcre\u015f ba\u015fvurumuzu yapt\u0131k. \u0130l Tar\u0131m M\u00fcd\u00fcr\u00fc Ayhan bey g\u00fcnlerden bu yana \u015fap vakas\u0131 \u00e7\u0131kmayan K\u00f6\u015fk\u2019\u00fcn kom\u015fu il\u00e7esi Sultanhisar\u2019da bir gecede \u015fap \u00e7\u0131kartarak g\u00fcvenlik gerek\u00e7esiyle tekrar K\u00f6\u015fk il\u00e7esini kapatt\u0131rarak sorumluluktan uzak oldu\u011funu bir kez daha g\u00f6zler \u00f6n\u00fcne sermi\u015ftir. Bizler koltuk sevdal\u0131s\u0131 kamu g\u00f6revlileri istemiyoruz. Bana dokunmayan y\u0131lan bin ya\u015fas\u0131n tarz\u0131nda d\u00fc\u015f\u00fcnen m\u00fcd\u00fcrler istemiyoruz. Derdimizle dertlenecek, bizimle g\u00fcl\u00fcp bizimle a\u011flayacak g\u00f6revlilere ihtiyac\u0131m\u0131z var&#8221; diye konu\u015ftu.<br \/><\/p>\n","protected":false},"excerpt":{"rendered":"<p>Ayd\u0131n\u2019da Devecilik K\u00fclt\u00fcr\u00fc ve Deve G\u00fcre\u015fleri Federasyonu (DEG\u00dcF) \u00fcyeleri \u015fap hastal\u0131\u011f\u0131 dolay\u0131s\u0131yla yap\u0131lamayan deve g\u00fcre\u015flerini protesto etmek i\u00e7in eylem ger\u00e7ekle\u015ftirdi. Ayd\u0131n\u2019da hayvanlarda g\u00f6r\u00fclen \u015fap hastal\u0131\u011f\u0131 nedeniyle al\u0131nan karantina tedbirleri kapsam\u0131nda deve g\u00fcre\u015fleri yap\u0131lamad\u0131. \u0130l genelinde hayvan hareketlerinin k\u0131s\u0131tlanmas\u0131yla birlikte organizasyonlar da iptal edilirken, DEG\u00dcF \u00fcyeleri bu durumu protesto etmek i\u00e7in topland\u0131. Ayd\u0131n \u0130l Tar\u0131m ve&#8230;<\/p>\n","protected":false},"author":1,"featured_media":85896,"comment_status":"open","ping_status":"open","sticky":false,"template":"","format":"standard","meta":{"_crdt_document":"","footnotes":""},"categories":[1],"tags":[],"class_list":["post-85895","post","type-post","status-publish","format-standard","has-post-thumbnail","hentry","category-guncel"],"_links":{"self":[{"href":"https:\/\/www.egemtv.com\/index.php?rest_route=\/wp\/v2\/posts\/85895","targetHints":{"allow":["GET"]}}],"collection":[{"href":"https:\/\/www.egemtv.com\/index.php?rest_route=\/wp\/v2\/posts"}],"about":[{"href":"https:\/\/www.egemtv.com\/index.php?rest_route=\/wp\/v2\/types\/post"}],"author":[{"embeddable":true,"href":"https:\/\/www.egemtv.com\/index.php?rest_route=\/wp\/v2\/users\/1"}],"replies":[{"embeddable":true,"href":"https:\/\/www.egemtv.com\/index.php?rest_route=%2Fwp%2Fv2%2Fcomments&post=85895"}],"version-history":[{"count":1,"href":"https:\/\/www.egemtv.com\/index.php?rest_route=\/wp\/v2\/posts\/85895\/revisions"}],"predecessor-version":[{"id":85897,"href":"https:\/\/www.egemtv.com\/index.php?rest_route=\/wp\/v2\/posts\/85895\/revisions\/85897"}],"wp:featuredmedia":[{"embeddable":true,"href":"https:\/\/www.egemtv.com\/index.php?rest_route=\/wp\/v2\/media\/85896"}],"wp:attachment":[{"href":"https:\/\/www.egemtv.com\/index.php?rest_route=%2Fwp%2Fv2%2Fmedia&parent=85895"}],"wp:term":[{"taxonomy":"category","embeddable":true,"href":"https:\/\/www.egemtv.com\/index.php?rest_route=%2Fwp%2Fv2%2Fcategories&post=85895"},{"taxonomy":"post_tag","embeddable":true,"href":"https:\/\/www.egemtv.com\/index.php?rest_route=%2Fwp%2Fv2%2Ftags&post=85895"}],"curies":[{"name":"wp","href":"https:\/\/api.w.org\/{rel}","templated":true}]}}