{"id":85889,"date":"2026-02-06T15:55:43","date_gmt":"2026-02-06T12:55:43","guid":{"rendered":"https:\/\/www.egemtv.com\/?p=85889"},"modified":"2026-02-06T15:55:44","modified_gmt":"2026-02-06T12:55:44","slug":"salihli-iktisadi-ve-idari-bilimler-fakultesine-yeni-dekan","status":"publish","type":"post","link":"https:\/\/www.egemtv.com\/?p=85889","title":{"rendered":"Salihli \u0130ktisadi ve \u0130dari Bilimler Fak\u00fcltesi\u2019ne yeni dekan"},"content":{"rendered":"<p>Manisa Celal Bayar \u00dcniversitesi (MCB\u00dc) Salihli \u0130ktisadi ve \u0130dari Bilimler Fak\u00fcltesi\u2019nde dekanl\u0131k g\u00f6revine Prof. Dr. Co\u015fkun \u00c7\u0131lbant atand\u0131.<br \/>\n<br \/>Prof. Dr. Osman Murat Ko\u00e7t\u00fcrk\u2019ten g\u00f6revi devralan Prof. Dr. Co\u015fkun \u00c7\u0131lbant, fak\u00fclte y\u00f6netimiyle birlikte Salihli Kaymakam\u0131 Ali G\u00fcldo\u011fan\u2019\u0131 makam\u0131nda ziyaret etti. Ziyarette kar\u015f\u0131l\u0131kl\u0131 g\u00f6r\u00fc\u015f al\u0131\u015fveri\u015finde bulunulurken, Kaymakam G\u00fcldo\u011fan nazik ziyaretlerinden dolay\u0131 heyete te\u015fekk\u00fcr etti.<br \/>\n<br \/>Kaymakam Ali G\u00fcldo\u011fan, Prof. Dr. Co\u015fkun \u00c7\u0131lbant\u2019a yeni g\u00f6revinde ba\u015far\u0131lar dileyerek, fak\u00fcltenin Salihli\u2019ye ve \u00fcniversiteye katk\u0131lar\u0131n\u0131n artarak devam etmesi temennisinde bulundu.<br \/><\/p>\n","protected":false},"excerpt":{"rendered":"<p>Manisa Celal Bayar \u00dcniversitesi (MCB\u00dc) Salihli \u0130ktisadi ve \u0130dari Bilimler Fak\u00fcltesi\u2019nde dekanl\u0131k g\u00f6revine Prof. Dr. Co\u015fkun \u00c7\u0131lbant atand\u0131. Prof. Dr. Osman Murat Ko\u00e7t\u00fcrk\u2019ten g\u00f6revi devralan Prof. Dr. Co\u015fkun \u00c7\u0131lbant, fak\u00fclte y\u00f6netimiyle birlikte Salihli Kaymakam\u0131 Ali G\u00fcldo\u011fan\u2019\u0131 makam\u0131nda ziyaret etti. Ziyarette kar\u015f\u0131l\u0131kl\u0131 g\u00f6r\u00fc\u015f al\u0131\u015fveri\u015finde bulunulurken, Kaymakam G\u00fcldo\u011fan nazik ziyaretlerinden dolay\u0131 heyete te\u015fekk\u00fcr etti. Kaymakam Ali G\u00fcldo\u011fan,&#8230;<\/p>\n","protected":false},"author":1,"featured_media":85890,"comment_status":"open","ping_status":"open","sticky":false,"template":"","format":"standard","meta":{"_crdt_document":"","footnotes":""},"categories":[1],"tags":[],"class_list":["post-85889","post","type-post","status-publish","format-standard","has-post-thumbnail","hentry","category-guncel"],"_links":{"self":[{"href":"https:\/\/www.egemtv.com\/index.php?rest_route=\/wp\/v2\/posts\/85889","targetHints":{"allow":["GET"]}}],"collection":[{"href":"https:\/\/www.egemtv.com\/index.php?rest_route=\/wp\/v2\/posts"}],"about":[{"href":"https:\/\/www.egemtv.com\/index.php?rest_route=\/wp\/v2\/types\/post"}],"author":[{"embeddable":true,"href":"https:\/\/www.egemtv.com\/index.php?rest_route=\/wp\/v2\/users\/1"}],"replies":[{"embeddable":true,"href":"https:\/\/www.egemtv.com\/index.php?rest_route=%2Fwp%2Fv2%2Fcomments&post=85889"}],"version-history":[{"count":1,"href":"https:\/\/www.egemtv.com\/index.php?rest_route=\/wp\/v2\/posts\/85889\/revisions"}],"predecessor-version":[{"id":85891,"href":"https:\/\/www.egemtv.com\/index.php?rest_route=\/wp\/v2\/posts\/85889\/revisions\/85891"}],"wp:featuredmedia":[{"embeddable":true,"href":"https:\/\/www.egemtv.com\/index.php?rest_route=\/wp\/v2\/media\/85890"}],"wp:attachment":[{"href":"https:\/\/www.egemtv.com\/index.php?rest_route=%2Fwp%2Fv2%2Fmedia&parent=85889"}],"wp:term":[{"taxonomy":"category","embeddable":true,"href":"https:\/\/www.egemtv.com\/index.php?rest_route=%2Fwp%2Fv2%2Fcategories&post=85889"},{"taxonomy":"post_tag","embeddable":true,"href":"https:\/\/www.egemtv.com\/index.php?rest_route=%2Fwp%2Fv2%2Ftags&post=85889"}],"curies":[{"name":"wp","href":"https:\/\/api.w.org\/{rel}","templated":true}]}}