{"id":85883,"date":"2026-02-06T15:55:41","date_gmt":"2026-02-06T12:55:41","guid":{"rendered":"https:\/\/www.egemtv.com\/?p=85883"},"modified":"2026-02-06T15:55:42","modified_gmt":"2026-02-06T12:55:42","slug":"baskan-aras-yogun-yagislar-sonrasi-tum-ekipleri-sahaya-sevk-etti","status":"publish","type":"post","link":"https:\/\/www.egemtv.com\/?p=85883","title":{"rendered":"Ba\u015fkan Aras, yo\u011fun ya\u011f\u0131\u015flar sonras\u0131 t\u00fcm ekipleri sahaya sevk etti"},"content":{"rendered":"<p>Mu\u011fla B\u00fcy\u00fck\u015fehir Belediyesi, il genelinde etkili olan a\u015f\u0131r\u0131 ya\u011f\u0131\u015flar nedeniyle gece boyunca sahada g\u00f6rev yaparak gerekli m\u00fcdahaleleri ger\u00e7ekle\u015ftirdi. Mu\u011fla B\u00fcy\u00fck\u015fehir Belediye Ba\u015fkan\u0131 Ahmet Aras\u2019\u0131n talimat\u0131yla ekipler teyakkuz halinde \u00e7al\u0131\u015f\u0131rken, Genel Sekreter Tayfun Y\u0131lmaz ekiplerin sevk ve idaresini sahadan koordine etti.<\/p>\n<p>\u00dclke genelinde ya\u015fanan a\u015f\u0131r\u0131 ya\u011f\u0131\u015flar Mu\u011fla\u2019da da etkisini g\u00f6sterdi. Mu\u011fla il genelinde ya\u015fanan ya\u011f\u0131\u015flardan en fazla 83,1 kg ile Marmaris, 72,7 kg ile Mente\u015fe, 57,1 kg Bodrum ve 50,3 kg ile K\u00f6yce\u011fiz etkilendi.<br \/>\n<br \/>B\u00fcy\u00fck\u015fehir Belediyesi ekipleri, ya\u011f\u0131\u015flar nedeniyle ev ve i\u015f yerlerinde meydana gelen su bask\u0131nlar\u0131na h\u0131zla m\u00fcdahale ederken, dere yataklar\u0131nda ya\u015fanan ta\u015fk\u0131nlar\u0131n etkilerini azaltmak i\u00e7in e\u015f zamanl\u0131 \u00e7al\u0131\u015fmalar y\u00fcr\u00fctt\u00fc. Karayollar\u0131nda ve \u015fehir i\u00e7i ula\u015f\u0131m a\u011f\u0131nda olu\u015fan bozulmalar\u0131n giderilmesi amac\u0131yla sahada yo\u011fun mesai harcayan ekipler, ula\u015f\u0131m\u0131n aksamamas\u0131 i\u00e7in gerekli t\u00fcm tedbirleri alarak \u00e7al\u0131\u015fmalar\u0131n\u0131 aral\u0131ks\u0131z s\u00fcrd\u00fcrd\u00fc.<\/p>\n<p>Ayr\u0131ca ya\u011f\u0131\u015ftan en fazla etkilenen Marmaris il\u00e7esinde ya\u015fanan sel felaketinde dere yata\u011f\u0131nda arac\u0131yla kaybolan bir vatanda\u015f\u0131n cans\u0131z bedenine, B\u00fcy\u00fck\u015fehir Belediyesi Arama Kurtarma ekiplerinin \u00e7al\u0131\u015fmalar\u0131 sonucu ula\u015f\u0131ld\u0131.<br \/>\n<br \/>B\u00fcy\u00fck\u015fehir Belediyesi \u0130tfaiye ekipleri ise Mente\u015fe il\u00e7esi Yerkesik Mahallesinde bir ah\u0131rda mahsur kalan 6 b\u00fcy\u00fckba\u015f hayvan\u0131 kurtararak g\u00fcvenli bir alana tahliye etti.<\/p>\n<p>Ya\u011f\u0131\u015flar\u0131n en yo\u011fun hissedildi\u011fi il\u00e7elerden biri olan Bodrum\u2019da incelemelerde bulunan Mu\u011fla B\u00fcy\u00fck\u015fehir Belediyesi Genel Sekreteri Tayfun Y\u0131lmaz, ekiplerin sevk ve idaresini sahadan koordine etti. Genel Sekreter Tayfun Y\u0131lmaz yapt\u0131\u011f\u0131 a\u00e7\u0131klamada, K\u0131y\u0131 Ege Belediyeler Birli\u011fi ve Mu\u011fla B\u00fcy\u00fck\u015fehir Belediye Ba\u015fkan\u0131 Ahmet Aras\u2019\u0131n y\u00f6nlendirmesi do\u011frultusunda B\u00fcy\u00fck\u015fehir Belediyesi ekiplerinin, il genelinde ya\u011f\u0131\u015flar\u0131n etkili oldu\u011fu b\u00f6lgelerde \u00e7al\u0131\u015fmalar\u0131n\u0131 aral\u0131ks\u0131z s\u00fcrd\u00fcrd\u00fc\u011f\u00fcn\u00fc kaydetti.<\/p>\n<p>Genel Sekreter Y\u0131lmaz, &#8220;Vatanda\u015flar\u0131m\u0131z\u0131n can ve mal g\u00fcvenli\u011fini her zaman oldu\u011fu gibi bu s\u00fcre\u00e7te de \u00f6nceli\u011fimiz olarak ele ald\u0131k. Son 5 y\u0131l\u0131n en yo\u011fun ya\u011f\u0131\u015flar\u0131n\u0131n ya\u015fand\u0131\u011f\u0131 bu s\u00fcre\u00e7te, Ahmet Ba\u015fkan\u0131m\u0131z\u0131n talimatlar\u0131 do\u011frultusunda ekiplerimiz ya\u011f\u0131\u015flar\u0131n etkili oldu\u011fu t\u00fcm b\u00f6lgelerde gece boyunca kesintisiz \u015fekilde g\u00f6rev yapt\u0131. B\u00fcy\u00fck\u015fehir Belediyesi olarak 24 saat esas\u0131na g\u00f6re teyakkuz halinde \u00e7al\u0131\u015fmalar\u0131m\u0131z\u0131 s\u00fcrd\u00fcr\u00fcyoruz&#8221; ifadelerini kulland\u0131.<\/p>\n<p>Ba\u015fkan Aras: &#8220;T\u00fcm ekiplerimizle sahaday\u0131z&#8221;<br \/>\n<br \/>K\u0131y\u0131 Ege Belediyeler Birli\u011fi ve Mu\u011fla B\u00fcy\u00fck\u015fehir Belediye Ba\u015fkan\u0131 Ahmet Aras, &#8220;Ya\u011f\u0131\u015flar\u0131n ba\u015flad\u0131\u011f\u0131 andan itibaren t\u00fcm ekiplerimizi sahaya y\u00f6nlendirdik. \u00d6nceli\u011fimiz her zaman hem\u015fehrilerimizin can ve mal g\u00fcvenli\u011fidir. Sahada g\u00f6rev yapan ekiplerimiz gece g\u00fcnd\u00fcz demeden b\u00fcy\u00fck bir \u00f6zveriyle \u00e7al\u0131\u015ft\u0131. Bu s\u00fcre\u00e7te g\u00f6sterdikleri emek i\u00e7in t\u00fcm \u00e7al\u0131\u015fma arkada\u015flar\u0131ma te\u015fekk\u00fcr ediyorum. Marmaris il\u00e7emizde ya\u015fanan sel felaketinde hayat\u0131n\u0131 kaybeden vatanda\u015f\u0131m\u0131za Allah\u2019tan rahmet, ailesine ve yak\u0131nlar\u0131na ba\u015fsa\u011fl\u0131\u011f\u0131 diliyorum. Vatanda\u015flar\u0131m\u0131zdan da tedbiri elden b\u0131rakmamalar\u0131n\u0131 rica ediyorum. B\u00fcy\u00fck\u015fehir Belediyesi olarak her \u015fartta halk\u0131m\u0131z\u0131n yan\u0131nda olmaya devam edece\u011fiz&#8221; dedi.<br \/><\/p>\n","protected":false},"excerpt":{"rendered":"<p>Mu\u011fla B\u00fcy\u00fck\u015fehir Belediyesi, il genelinde etkili olan a\u015f\u0131r\u0131 ya\u011f\u0131\u015flar nedeniyle gece boyunca sahada g\u00f6rev yaparak gerekli m\u00fcdahaleleri ger\u00e7ekle\u015ftirdi. Mu\u011fla B\u00fcy\u00fck\u015fehir Belediye Ba\u015fkan\u0131 Ahmet Aras\u2019\u0131n talimat\u0131yla ekipler teyakkuz halinde \u00e7al\u0131\u015f\u0131rken, Genel Sekreter Tayfun Y\u0131lmaz ekiplerin sevk ve idaresini sahadan koordine etti. \u00dclke genelinde ya\u015fanan a\u015f\u0131r\u0131 ya\u011f\u0131\u015flar Mu\u011fla\u2019da da etkisini g\u00f6sterdi. Mu\u011fla il genelinde ya\u015fanan ya\u011f\u0131\u015flardan en&#8230;<\/p>\n","protected":false},"author":1,"featured_media":85884,"comment_status":"open","ping_status":"open","sticky":false,"template":"","format":"standard","meta":{"_crdt_document":"","footnotes":""},"categories":[1],"tags":[],"class_list":["post-85883","post","type-post","status-publish","format-standard","has-post-thumbnail","hentry","category-guncel"],"_links":{"self":[{"href":"https:\/\/www.egemtv.com\/index.php?rest_route=\/wp\/v2\/posts\/85883","targetHints":{"allow":["GET"]}}],"collection":[{"href":"https:\/\/www.egemtv.com\/index.php?rest_route=\/wp\/v2\/posts"}],"about":[{"href":"https:\/\/www.egemtv.com\/index.php?rest_route=\/wp\/v2\/types\/post"}],"author":[{"embeddable":true,"href":"https:\/\/www.egemtv.com\/index.php?rest_route=\/wp\/v2\/users\/1"}],"replies":[{"embeddable":true,"href":"https:\/\/www.egemtv.com\/index.php?rest_route=%2Fwp%2Fv2%2Fcomments&post=85883"}],"version-history":[{"count":1,"href":"https:\/\/www.egemtv.com\/index.php?rest_route=\/wp\/v2\/posts\/85883\/revisions"}],"predecessor-version":[{"id":85885,"href":"https:\/\/www.egemtv.com\/index.php?rest_route=\/wp\/v2\/posts\/85883\/revisions\/85885"}],"wp:featuredmedia":[{"embeddable":true,"href":"https:\/\/www.egemtv.com\/index.php?rest_route=\/wp\/v2\/media\/85884"}],"wp:attachment":[{"href":"https:\/\/www.egemtv.com\/index.php?rest_route=%2Fwp%2Fv2%2Fmedia&parent=85883"}],"wp:term":[{"taxonomy":"category","embeddable":true,"href":"https:\/\/www.egemtv.com\/index.php?rest_route=%2Fwp%2Fv2%2Fcategories&post=85883"},{"taxonomy":"post_tag","embeddable":true,"href":"https:\/\/www.egemtv.com\/index.php?rest_route=%2Fwp%2Fv2%2Ftags&post=85883"}],"curies":[{"name":"wp","href":"https:\/\/api.w.org\/{rel}","templated":true}]}}