{"id":85880,"date":"2026-02-06T15:55:40","date_gmt":"2026-02-06T12:55:40","guid":{"rendered":"https:\/\/www.egemtv.com\/?p=85880"},"modified":"2026-02-06T15:55:41","modified_gmt":"2026-02-06T12:55:41","slug":"6-subat-depremlerinde-hayatini-kaybedenler-usakta-dualarla-anildi","status":"publish","type":"post","link":"https:\/\/www.egemtv.com\/?p=85880","title":{"rendered":"6 \u015eubat depremlerinde hayat\u0131n\u0131 kaybedenler U\u015fak\u2019ta dualarla an\u0131ld\u0131"},"content":{"rendered":"<p>Kahramanmara\u015f merkezli 6 \u015eubat depremlerinde hayat\u0131n\u0131 kaybeden vatanda\u015flar, asr\u0131n felaketinin 3\u2019\u00fcnc\u00fc y\u0131l d\u00f6n\u00fcm\u00fcnde U\u015fak\u2019ta d\u00fczenlenen programla dualarla an\u0131ld\u0131.<br \/>\n<br \/>Kahramanmara\u015f merkezli 6 \u015eubat depremlerinde hayat\u0131n\u0131 kaybeden vatanda\u015flar, asr\u0131n felaketinin 3\u2019\u00fcnc\u00fc y\u0131l d\u00f6n\u00fcm\u00fcnde U\u015fak\u2019ta dualarla an\u0131ld\u0131. Anma program\u0131 kapsam\u0131nda Ulu Cami\u2019de cuma namaz\u0131 \u00f6ncesinde Kur\u2019an-\u0131 Kerim tilaveti yap\u0131ld\u0131, ard\u0131ndan dua ve Mevlid-i \u015eerif okundu. Cuma namaz\u0131 sonras\u0131nda ise vatanda\u015flara lokma ikram\u0131nda bulunuldu.<br \/>\n<br \/>Anma program\u0131 \u00e7er\u00e7evesinde U\u015fak Belediyesi Y\u00f6resel \u00dcr\u00fcnler \u00c7ar\u015f\u0131s\u0131 \u00f6n\u00fcnde kurulan kamu kurumlar\u0131 ve sivil toplum kurulu\u015flar\u0131n\u0131n stantlar\u0131n\u0131 gezen U\u015fak Valisi Naci Akta\u015f, y\u00fcr\u00fct\u00fclen \u00e7al\u0131\u015fmalar hakk\u0131nda yetkililerden bilgi ald\u0131.<br \/>\n<br \/>Vali Akta\u015f\u2019a ziyaretleri s\u0131ras\u0131nda \u0130l Emniyet M\u00fcd\u00fcr\u00fc Taner \u00c7ift\u00e7i, \u0130l Jandarma Komutan Yard\u0131mc\u0131s\u0131 Albay Erg\u00fcn Y\u0131lmaz, U\u015fak Belediye Ba\u015fkan Yard\u0131mc\u0131s\u0131 \u00c7a\u011flar Samanc\u0131 ile \u0130l Afet ve Acil Durum M\u00fcd\u00fcr\u00fc Yasemin Bebek e\u015flik etti.<br \/><\/p>\n","protected":false},"excerpt":{"rendered":"<p>Kahramanmara\u015f merkezli 6 \u015eubat depremlerinde hayat\u0131n\u0131 kaybeden vatanda\u015flar, asr\u0131n felaketinin 3\u2019\u00fcnc\u00fc y\u0131l d\u00f6n\u00fcm\u00fcnde U\u015fak\u2019ta d\u00fczenlenen programla dualarla an\u0131ld\u0131. Kahramanmara\u015f merkezli 6 \u015eubat depremlerinde hayat\u0131n\u0131 kaybeden vatanda\u015flar, asr\u0131n felaketinin 3\u2019\u00fcnc\u00fc y\u0131l d\u00f6n\u00fcm\u00fcnde U\u015fak\u2019ta dualarla an\u0131ld\u0131. Anma program\u0131 kapsam\u0131nda Ulu Cami\u2019de cuma namaz\u0131 \u00f6ncesinde Kur\u2019an-\u0131 Kerim tilaveti yap\u0131ld\u0131, ard\u0131ndan dua ve Mevlid-i \u015eerif okundu. Cuma namaz\u0131 sonras\u0131nda&#8230;<\/p>\n","protected":false},"author":1,"featured_media":85881,"comment_status":"open","ping_status":"open","sticky":false,"template":"","format":"standard","meta":{"_crdt_document":"","footnotes":""},"categories":[123],"tags":[],"class_list":["post-85880","post","type-post","status-publish","format-standard","has-post-thumbnail","hentry","category-gundem"],"_links":{"self":[{"href":"https:\/\/www.egemtv.com\/index.php?rest_route=\/wp\/v2\/posts\/85880","targetHints":{"allow":["GET"]}}],"collection":[{"href":"https:\/\/www.egemtv.com\/index.php?rest_route=\/wp\/v2\/posts"}],"about":[{"href":"https:\/\/www.egemtv.com\/index.php?rest_route=\/wp\/v2\/types\/post"}],"author":[{"embeddable":true,"href":"https:\/\/www.egemtv.com\/index.php?rest_route=\/wp\/v2\/users\/1"}],"replies":[{"embeddable":true,"href":"https:\/\/www.egemtv.com\/index.php?rest_route=%2Fwp%2Fv2%2Fcomments&post=85880"}],"version-history":[{"count":1,"href":"https:\/\/www.egemtv.com\/index.php?rest_route=\/wp\/v2\/posts\/85880\/revisions"}],"predecessor-version":[{"id":85882,"href":"https:\/\/www.egemtv.com\/index.php?rest_route=\/wp\/v2\/posts\/85880\/revisions\/85882"}],"wp:featuredmedia":[{"embeddable":true,"href":"https:\/\/www.egemtv.com\/index.php?rest_route=\/wp\/v2\/media\/85881"}],"wp:attachment":[{"href":"https:\/\/www.egemtv.com\/index.php?rest_route=%2Fwp%2Fv2%2Fmedia&parent=85880"}],"wp:term":[{"taxonomy":"category","embeddable":true,"href":"https:\/\/www.egemtv.com\/index.php?rest_route=%2Fwp%2Fv2%2Fcategories&post=85880"},{"taxonomy":"post_tag","embeddable":true,"href":"https:\/\/www.egemtv.com\/index.php?rest_route=%2Fwp%2Fv2%2Ftags&post=85880"}],"curies":[{"name":"wp","href":"https:\/\/api.w.org\/{rel}","templated":true}]}}