{"id":85874,"date":"2026-02-06T15:55:38","date_gmt":"2026-02-06T12:55:38","guid":{"rendered":"https:\/\/www.egemtv.com\/?p=85874"},"modified":"2026-02-06T15:55:39","modified_gmt":"2026-02-06T12:55:39","slug":"bodrum-fk-baskani-ankara-genclerimizle-inancimizla-ve-birlik-ruhuyla-gelecegi-insa-ediyoruz","status":"publish","type":"post","link":"https:\/\/www.egemtv.com\/?p=85874","title":{"rendered":"Bodrum FK Ba\u015fkan\u0131 Ankara: &#8220;Gen\u00e7lerimizle, inanc\u0131m\u0131zla ve birlik ruhuyla gelece\u011fi in\u015fa ediyoruz&#8221;"},"content":{"rendered":"<p>Bodrum FK Ba\u015fkan\u0131 Taner Ankara, T\u00fcrk futboluna ve Bodrum\u2019a de\u011fer katacak oyuncu profilleriyle yola \u00e7\u0131kt\u0131klar\u0131n\u0131 vurgulayarak, gen\u00e7 ve tecr\u00fcbeli isimlerin uyumunun sahaya olumlu yans\u0131d\u0131\u011f\u0131n\u0131 ifade etti.<br \/>\n<br \/>Bodrum FK, Trendyol 1. Lig\u2019in 24. haftas\u0131nda 8 \u015eubat Pazar g\u00fcn\u00fc saat 16.00\u2019da deplasmanda Adana Demirspor ile kar\u015f\u0131la\u015facak. 3 puan\u0131 al\u0131p galibiyet serisini ve zirve yar\u0131\u015f\u0131n\u0131 s\u00fcrd\u00fcrmek isteyen ye\u015fil-beyazl\u0131 ekip ma\u00e7a kenetlendi.<br \/>\n<br \/>Bodrum FK Ba\u015fkan\u0131 Taner Ankara da kul\u00fcb\u00fcn gen\u00e7 oyuncu yap\u0131lanmas\u0131 ve gelecek vizyonuna ili\u015fkin a\u00e7\u0131klamalarda bulundu. T\u00fcrk futboluna ve Bodrum\u2019a de\u011fer katacak oyuncu profilleriyle yola \u00e7\u0131kt\u0131klar\u0131n\u0131 vurgulayan Ankara, gen\u00e7 ve tecr\u00fcbeli isimlerin uyumunun sahaya olumlu yans\u0131d\u0131\u011f\u0131n\u0131 ifade etti.<br \/>\n<br \/>Ba\u015fkan Taner Ankara, &#8220;Bodrum FK olarak sadece bug\u00fcn\u00fc de\u011fil, yar\u0131n\u0131 da planlayan bir anlay\u0131\u015fla hareket ediyoruz. S\u00fcrd\u00fcr\u00fclebilir bir b\u00fct\u00e7e y\u00f6netimiyle, hedeflerimizden kopmadan ilerlemeyi \u00f6ncelik haline getirdik. Gen\u00e7 ve gelecek vadeden, Bodrum\u2019a ve T\u00fcrk futboluna katk\u0131 sa\u011flayacak oyuncu profilleriyle yolumuza kararl\u0131 bir \u015fekilde devam ediyoruz. Bu do\u011frultuda t\u00fcm g\u00fcc\u00fcm\u00fczle m\u00fccadele ediyor, kul\u00fcb\u00fcm\u00fcz\u00fcn ba\u015far\u0131s\u0131 i\u00e7in inanc\u0131m\u0131zla \u00e7al\u0131\u015f\u0131yoruz. Tecr\u00fcbeli oyuncular\u0131m\u0131z ile gen\u00e7 jenerasyonun sahada ve saha d\u0131\u015f\u0131nda kurdu\u011fu g\u00fc\u00e7l\u00fc ba\u011f, bizi daha ileriye ta\u015f\u0131yor. Bu uyum sayesinde birlikte \u00e7ok \u00f6nemli i\u015fler yapaca\u011f\u0131m\u0131za inan\u0131yoruz. Bodrum FK\u2019n\u0131n menfaatleri s\u00f6z konusu oldu\u011funda herkes ta\u015f\u0131n alt\u0131na elini koyuyor. Gen\u00e7 oyuncular\u0131m\u0131z bu forman\u0131n a\u011f\u0131rl\u0131\u011f\u0131n\u0131 ve sorumlulu\u011funu bilerek sahaya \u00e7\u0131k\u0131yor. Tak\u0131m bilinciyle, b\u00fcy\u00fck bir inan\u00e7 ve m\u00fccadele ortaya koyuyorlar. Bu bizim i\u00e7in sadece bir sportif ba\u015far\u0131 de\u011fil, ayn\u0131 zamanda g\u00fc\u00e7l\u00fc bir gelecek in\u015fas\u0131n\u0131n g\u00f6stergesidir. Bodrum FK olarak do\u011fru planlama, sab\u0131r ve inan\u00e7 ile yolumuza devam ediyoruz. Bu kul\u00fcp, sahadaki m\u00fccadelesiyle oldu\u011fu kadar karakteriyle de T\u00fcrk futbolunda iz b\u0131rakmaya devam edecektir&#8221; dedi.<\/p>\n<p>Gen\u00e7lere \u00f6vg\u00fc<br \/>\n<br \/>Bodrum FK Teknik Sorumlusu Sefer Y\u0131lmaz da gen\u00e7 oyunculara g\u00fcvendiklerini belirterek, &#8220;\u0130lk turlarda oynanan kupa ma\u00e7lar\u0131n\u0131 g\u00f6z \u00f6n\u00fcne al\u0131rsan\u0131z, tamamen gen\u00e7 arkada\u015flar ve daha az s\u00fcre alan oyuncular bu ma\u00e7larda forma giydi. Onlar da geli\u015fimlerini ciddi \u015fekilde g\u00f6sterdi. Son ma\u00e7larda, \u00f6zellikle ligde ilk kez ilk 11 oynayan ya da ikinci, \u00fc\u00e7\u00fcnc\u00fc ma\u00e7\u0131na \u00e7\u0131kan arkada\u015flar a\u011fabeylerini aratmad\u0131. \u00dcst \u00fcste iki galibiyet ald\u0131k, bunu \u00f6zlemi\u015ftik. Teknik heyet, oyuncular, Bodrum camias\u0131 ve y\u00f6netim olarak hepimiz mutlu ve umutluyuz. Son Samsun kupa ma\u00e7\u0131nda U17 ve U19 tak\u0131mlar\u0131ndan oyunculara \u015fans verdik. Onlar da ileride Bodrum FK\u2019ya faydal\u0131 olacaklar\u0131n\u0131 g\u00f6sterdi. Zamanlar\u0131 var ancak bu gen\u00e7ler Bodrum FK\u2019n\u0131n gelece\u011fi. G\u00fc\u00e7l\u00fc bir yap\u0131lanma var ve y\u00f6netim ile teknik heyet uyum i\u00e7inde \u00e7al\u0131\u015f\u0131yor&#8221; c\u00fcmlelerine yer verdi.<br \/><\/p>\n","protected":false},"excerpt":{"rendered":"<p>Bodrum FK Ba\u015fkan\u0131 Taner Ankara, T\u00fcrk futboluna ve Bodrum\u2019a de\u011fer katacak oyuncu profilleriyle yola \u00e7\u0131kt\u0131klar\u0131n\u0131 vurgulayarak, gen\u00e7 ve tecr\u00fcbeli isimlerin uyumunun sahaya olumlu yans\u0131d\u0131\u011f\u0131n\u0131 ifade etti. Bodrum FK, Trendyol 1. Lig\u2019in 24. haftas\u0131nda 8 \u015eubat Pazar g\u00fcn\u00fc saat 16.00\u2019da deplasmanda Adana Demirspor ile kar\u015f\u0131la\u015facak. 3 puan\u0131 al\u0131p galibiyet serisini ve zirve yar\u0131\u015f\u0131n\u0131 s\u00fcrd\u00fcrmek isteyen ye\u015fil-beyazl\u0131&#8230;<\/p>\n","protected":false},"author":1,"featured_media":85875,"comment_status":"open","ping_status":"open","sticky":false,"template":"","format":"standard","meta":{"_crdt_document":"","footnotes":""},"categories":[4],"tags":[],"class_list":["post-85874","post","type-post","status-publish","format-standard","has-post-thumbnail","hentry","category-spor"],"_links":{"self":[{"href":"https:\/\/www.egemtv.com\/index.php?rest_route=\/wp\/v2\/posts\/85874","targetHints":{"allow":["GET"]}}],"collection":[{"href":"https:\/\/www.egemtv.com\/index.php?rest_route=\/wp\/v2\/posts"}],"about":[{"href":"https:\/\/www.egemtv.com\/index.php?rest_route=\/wp\/v2\/types\/post"}],"author":[{"embeddable":true,"href":"https:\/\/www.egemtv.com\/index.php?rest_route=\/wp\/v2\/users\/1"}],"replies":[{"embeddable":true,"href":"https:\/\/www.egemtv.com\/index.php?rest_route=%2Fwp%2Fv2%2Fcomments&post=85874"}],"version-history":[{"count":1,"href":"https:\/\/www.egemtv.com\/index.php?rest_route=\/wp\/v2\/posts\/85874\/revisions"}],"predecessor-version":[{"id":85876,"href":"https:\/\/www.egemtv.com\/index.php?rest_route=\/wp\/v2\/posts\/85874\/revisions\/85876"}],"wp:featuredmedia":[{"embeddable":true,"href":"https:\/\/www.egemtv.com\/index.php?rest_route=\/wp\/v2\/media\/85875"}],"wp:attachment":[{"href":"https:\/\/www.egemtv.com\/index.php?rest_route=%2Fwp%2Fv2%2Fmedia&parent=85874"}],"wp:term":[{"taxonomy":"category","embeddable":true,"href":"https:\/\/www.egemtv.com\/index.php?rest_route=%2Fwp%2Fv2%2Fcategories&post=85874"},{"taxonomy":"post_tag","embeddable":true,"href":"https:\/\/www.egemtv.com\/index.php?rest_route=%2Fwp%2Fv2%2Ftags&post=85874"}],"curies":[{"name":"wp","href":"https:\/\/api.w.org\/{rel}","templated":true}]}}