{"id":85871,"date":"2026-02-06T15:34:57","date_gmt":"2026-02-06T12:34:57","guid":{"rendered":"https:\/\/www.egemtv.com\/?p=85871"},"modified":"2026-02-06T15:34:58","modified_gmt":"2026-02-06T12:34:58","slug":"aydin-buyuksehirden-incirliovaya-altyapi-yatirimi","status":"publish","type":"post","link":"https:\/\/www.egemtv.com\/?p=85871","title":{"rendered":"Ayd\u0131n B\u00fcy\u00fck\u015fehir\u2019den \u0130ncirliova\u2019ya altyap\u0131 yat\u0131r\u0131m\u0131"},"content":{"rendered":"<p>Ayd\u0131n B\u00fcy\u00fck\u015fehir Belediye Ba\u015fkan\u0131 \u00d6zlem \u00c7er\u00e7io\u011flu\u2019nun \u00f6nc\u00fcl\u00fc\u011f\u00fcnde kent genelinde s\u00fcrd\u00fcr\u00fclen altyap\u0131 yat\u0131r\u0131mlar\u0131 aral\u0131ks\u0131z devam ediyor.<br \/>\n<br \/>ASK\u0130 Genel M\u00fcd\u00fcrl\u00fc\u011f\u00fc, \u0130ncirliova il\u00e7esi \u0130kizdere Mahallesi\u2019nde modern ve uzun \u00f6m\u00fcrl\u00fc ya\u011fmur suyu hatt\u0131 yap\u0131m \u00e7al\u0131\u015fmas\u0131na ba\u015flad\u0131. B\u00f6lgenin ihtiya\u00e7lar\u0131 dikkate al\u0131narak projelendirilen yat\u0131r\u0131m ile mahallenin altyap\u0131 sistemi daha g\u00fc\u00e7l\u00fc hale getirilecek.<br \/>\n<br \/>Y\u00fcksek standartlarda malzeme ve tekniklerle ger\u00e7ekle\u015ftirilen ya\u011fmur suyu hatt\u0131n\u0131n yap\u0131m\u0131 ile \u0130kizdere Mahallesi uzun y\u0131llar boyunca g\u00fcvenle hizmet alacak modern bir altyap\u0131yla bulu\u015facak. Yat\u0131r\u0131m\u0131n toplam maliyeti 3 milyon T\u00fcrk Liras\u0131 olacak.<br \/>\n<br \/>Ayd\u0131n B\u00fcy\u00fck\u015fehir Belediye Ba\u015fkan\u0131 \u00d6zlem \u00c7er\u00e7io\u011flu, kent genelinde altyap\u0131 yat\u0131r\u0131mlar\u0131n\u0131n devam edece\u011fini belirtti ve &#8220;Ayd\u0131n\u0131m\u0131z\u0131n her noktas\u0131nda oldu\u011fu gibi \u0130ncirliova\u2019da da vatanda\u015flar\u0131m\u0131z\u0131 yat\u0131r\u0131mlar\u0131m\u0131z ile bulu\u015fturmaya devam ediyoruz. \u00c7al\u0131\u015fmalar\u0131m\u0131za devam edece\u011fiz&#8221; ifadelerini kulland\u0131.<br \/>\n<br \/>Mahalle sakinleri yap\u0131lan \u00e7al\u0131\u015fmadan duyduklar\u0131 memnuniyeti dile getirerek, Ba\u015fkan Ba\u015fkan \u00c7er\u00e7io\u011flu\u2019na te\u015fekk\u00fcr etti.<br \/><\/p>\n","protected":false},"excerpt":{"rendered":"<p>Ayd\u0131n B\u00fcy\u00fck\u015fehir Belediye Ba\u015fkan\u0131 \u00d6zlem \u00c7er\u00e7io\u011flu\u2019nun \u00f6nc\u00fcl\u00fc\u011f\u00fcnde kent genelinde s\u00fcrd\u00fcr\u00fclen altyap\u0131 yat\u0131r\u0131mlar\u0131 aral\u0131ks\u0131z devam ediyor. ASK\u0130 Genel M\u00fcd\u00fcrl\u00fc\u011f\u00fc, \u0130ncirliova il\u00e7esi \u0130kizdere Mahallesi\u2019nde modern ve uzun \u00f6m\u00fcrl\u00fc ya\u011fmur suyu hatt\u0131 yap\u0131m \u00e7al\u0131\u015fmas\u0131na ba\u015flad\u0131. B\u00f6lgenin ihtiya\u00e7lar\u0131 dikkate al\u0131narak projelendirilen yat\u0131r\u0131m ile mahallenin altyap\u0131 sistemi daha g\u00fc\u00e7l\u00fc hale getirilecek. Y\u00fcksek standartlarda malzeme ve tekniklerle ger\u00e7ekle\u015ftirilen ya\u011fmur suyu hatt\u0131n\u0131n&#8230;<\/p>\n","protected":false},"author":1,"featured_media":85872,"comment_status":"open","ping_status":"open","sticky":false,"template":"","format":"standard","meta":{"_crdt_document":"","footnotes":""},"categories":[1],"tags":[],"class_list":["post-85871","post","type-post","status-publish","format-standard","has-post-thumbnail","hentry","category-guncel"],"_links":{"self":[{"href":"https:\/\/www.egemtv.com\/index.php?rest_route=\/wp\/v2\/posts\/85871","targetHints":{"allow":["GET"]}}],"collection":[{"href":"https:\/\/www.egemtv.com\/index.php?rest_route=\/wp\/v2\/posts"}],"about":[{"href":"https:\/\/www.egemtv.com\/index.php?rest_route=\/wp\/v2\/types\/post"}],"author":[{"embeddable":true,"href":"https:\/\/www.egemtv.com\/index.php?rest_route=\/wp\/v2\/users\/1"}],"replies":[{"embeddable":true,"href":"https:\/\/www.egemtv.com\/index.php?rest_route=%2Fwp%2Fv2%2Fcomments&post=85871"}],"version-history":[{"count":1,"href":"https:\/\/www.egemtv.com\/index.php?rest_route=\/wp\/v2\/posts\/85871\/revisions"}],"predecessor-version":[{"id":85873,"href":"https:\/\/www.egemtv.com\/index.php?rest_route=\/wp\/v2\/posts\/85871\/revisions\/85873"}],"wp:featuredmedia":[{"embeddable":true,"href":"https:\/\/www.egemtv.com\/index.php?rest_route=\/wp\/v2\/media\/85872"}],"wp:attachment":[{"href":"https:\/\/www.egemtv.com\/index.php?rest_route=%2Fwp%2Fv2%2Fmedia&parent=85871"}],"wp:term":[{"taxonomy":"category","embeddable":true,"href":"https:\/\/www.egemtv.com\/index.php?rest_route=%2Fwp%2Fv2%2Fcategories&post=85871"},{"taxonomy":"post_tag","embeddable":true,"href":"https:\/\/www.egemtv.com\/index.php?rest_route=%2Fwp%2Fv2%2Ftags&post=85871"}],"curies":[{"name":"wp","href":"https:\/\/api.w.org\/{rel}","templated":true}]}}