{"id":85865,"date":"2026-02-06T15:34:55","date_gmt":"2026-02-06T12:34:55","guid":{"rendered":"https:\/\/www.egemtv.com\/?p=85865"},"modified":"2026-02-06T15:34:56","modified_gmt":"2026-02-06T12:34:56","slug":"aydin-buyuksehir-belediyesinden-efelerin-yesil-alanlarina-bakim","status":"publish","type":"post","link":"https:\/\/www.egemtv.com\/?p=85865","title":{"rendered":"Ayd\u0131n B\u00fcy\u00fck\u015fehir Belediyesi\u2019nden Efeler\u2019in ye\u015fil alanlar\u0131na bak\u0131m"},"content":{"rendered":"<p>Ayd\u0131n B\u00fcy\u00fck\u015fehir Belediye Ba\u015fkan\u0131 \u00d6zlem \u00c7er\u00e7io\u011flu\u2019nun \u00f6nc\u00fcl\u00fc\u011f\u00fcnde kentin d\u00f6rt bir yan\u0131nda hayata ge\u00e7irilen \u00e7al\u0131\u015fmalar devam ediyor. B\u00fcy\u00fck\u015fehir Belediyesi Park ve Bah\u00e7eler Dairesi Ba\u015fkanl\u0131\u011f\u0131 ekipleri, Ayd\u0131n\u2019\u0131n t\u00fcm il\u00e7elerinde oldu\u011fu gibi Efeler\u2019de de e\u015f zamanl\u0131 olarak y\u00fcr\u00fctt\u00fckleri \u00e7al\u0131\u015fmalarla ye\u015fil alanlar\u0131 daha d\u00fczenli, g\u00fcvenli ve sa\u011fl\u0131kl\u0131 bir g\u00f6r\u00fcn\u00fcme kavu\u015fturuyor.<br \/>\n<br \/>Park ve Bah\u00e7eler Dairesi Ba\u015fkanl\u0131\u011f\u0131 taraf\u0131ndan planl\u0131 \u015fekilde s\u00fcrd\u00fcr\u00fclen budama \u00e7al\u0131\u015fmalar\u0131 kapsam\u0131nda, B\u00fcy\u00fck\u015fehir Belediyesi\u2019nin sorumluluk alanlar\u0131nda yer alan cadde, ref\u00fcj ve ye\u015fil alanlarda ger\u00e7ekle\u015ftirilen titiz \u00e7al\u0131\u015fmalar devam ediyor.<br \/>\n<br \/>Ayn\u0131 zamanda a\u011fa\u00e7lar\u0131n sa\u011fl\u0131kl\u0131 geli\u015fimini destekleyen budama faaliyetleri ile kent genelindeki ye\u015fil dokunun korunmas\u0131 ve s\u00fcrd\u00fcr\u00fclebilirli\u011finin sa\u011flanmas\u0131 hedefleniyor. \u00c7al\u0131\u015fmalar, mahalle muhtarlar\u0131 ve vatanda\u015flar taraf\u0131ndan da be\u011feniyle kar\u015f\u0131lan\u0131yor.<br \/>\n<br \/>Muhtar Uygun: &#8220;\u00d6zlem Ba\u015fkan\u0131m\u0131zdan Allah raz\u0131 olsun&#8221;<br \/>\n<br \/>\u00c7al\u0131\u015fmalardan ve B\u00fcy\u00fck\u015fehir Belediyesi\u2019nin hizmetlerinden memnuniyet duyduklar\u0131n\u0131 belirten Adnan Menderes Mahallesi Muhtar\u0131 Sedat Uygun, &#8220;Allah raz\u0131 olsun, B\u00fcy\u00fck\u015fehir Belediyesi ekipleri her ihtiyac\u0131m\u0131z\u0131 k\u0131sa s\u00fcre i\u00e7erisinde yerine getiriyorlar. Mahallemizde budama ihtiyac\u0131 olan a\u011fa\u00e7lar\u0131m\u0131z vard\u0131, talep ettik ve Park ve Bah\u00e7eler Dairesi Ba\u015fkanl\u0131\u011f\u0131 ekiplerimiz h\u0131zla gelerek gerekli \u00e7al\u0131\u015fmay\u0131 yapt\u0131lar. A\u011fa\u00e7lar\u0131m\u0131z nefes ald\u0131, \u00e7ok g\u00fczel oldu. Ge\u00e7ti\u011fimiz g\u00fcnlerde B\u00fcy\u00fck\u015fehir Belediyemizin Fen \u0130\u015fleri Dairesi ekipleri de Do\u011fu \u00c7evre Bulvar\u0131\u2019nda g\u00fczel bir asfaltlama \u00e7al\u0131\u015fmas\u0131 yapt\u0131, \u00d6zlem Ba\u015fkan\u0131m\u0131zdan Allah raz\u0131 olsun. Sabah kahvalt\u0131da han\u0131m\u0131ma da s\u00f6yledim; her g\u00fcn sabah Halk Ekmek\u2019ten 3-4 tane ekmek al\u0131yorum bunun katk\u0131s\u0131 bile bize \u00e7ok fazla. Allah raz\u0131 olsun&#8221; ifadelerini kulland\u0131.<br \/>\n<br \/>\u00c7al\u0131\u015fmalar nedeniyle Ayd\u0131n B\u00fcy\u00fck\u015fehir Belediye Ba\u015fkan\u0131 \u00d6zlem \u00c7er\u00e7io\u011flu\u2019na te\u015fekk\u00fcr eden Me\u015frutiyet Mahallesi Muhtar\u0131 \u015eefika Uysal, &#8220;\u0130smet Sezgin Park\u0131m\u0131z\u0131n budanmas\u0131 \u00e7ok g\u00fczel oldu, temizli\u011finden \u00e7ok memnunuz mahalle halk\u0131 olarak; te\u015fekk\u00fcr ediyoruz \u00d6zlem Han\u0131ma.  Park ve Bah\u00e7eler Dairesi Ba\u015fkanl\u0131\u011f\u0131 ekiplerimizin mahallemizde ger\u00e7ekle\u015ftirdi\u011fi \u00e7al\u0131\u015fmalardan memnunuz, vatanda\u015flar\u0131m\u0131z da \u00f6zellikle \u0130smet Sezgin Park\u0131\u2019nda ger\u00e7ekle\u015ftirilen \u00e7al\u0131\u015fmalara bay\u0131ld\u0131lar, \u00d6zlem Han\u0131ma herkes \u00e7ok te\u015fekk\u00fcr ediyor, mahallemiz ad\u0131na ben de te\u015fekk\u00fcr ediyorum; kad\u0131n olarak kad\u0131n\u0131n yan\u0131nda olmas\u0131 \u00e7ok g\u00fczel&#8221; diye konu\u015ftu.<br \/>\n<br \/>Muhtar \u00c7\u0131vkaro\u011flu: \u00d6zlem Ba\u015fkan\u0131m\u0131za \u00e7ok te\u015fekk\u00fcr ediyorum<br \/>\n<br \/>Taleplerinin B\u00fcy\u00fck\u015fehir Belediyesi taraf\u0131ndan h\u0131zla yerine getirildi\u011fini s\u00f6yleyen Girne Mahallesi Muhtar\u0131 \u015eule \u00c7\u0131vkaro\u011flu, &#8220;Her y\u0131l oldu\u011fu gibi bu y\u0131l da budama \u00e7al\u0131\u015fmalar\u0131m\u0131z\u0131n ger\u00e7ekle\u015ftirilmesi i\u00e7in talepte bulunmu\u015ftum, B\u00fcy\u00fck\u015fehir Belediyesi Park ve Bah\u00e7eler Dairesi Ba\u015fkanl\u0131\u011f\u0131 bir kez aramam\u0131zla yine her y\u0131l oldu\u011fu gibi sa\u011f olsunlar \u00e7al\u0131\u015fmalar\u0131 ba\u015flatt\u0131. Mahallemizde b\u00fct\u00fcn a\u011fa\u00e7lar\u0131m\u0131z budand\u0131, eme\u011fi ge\u00e7en t\u00fcm arkada\u015flar\u0131m\u0131za ve \u00d6zlem Ba\u015fkan\u0131m\u0131za te\u015fekk\u00fcr ederim. Fen \u0130\u015fleri, ASK\u0130, Park ve Bah\u00e7eler t\u00fcm birimler ihtiya\u00e7lar\u0131m\u0131z\u0131 h\u0131zl\u0131 bir \u015fekilde gideriyorlar, \u00d6zlem Ba\u015fkan\u0131m\u0131za \u00e7ok te\u015fekk\u00fcr ediyorum&#8221; dedi.<br \/>\n<br \/>Mahalle halk\u0131n\u0131n \u00e7al\u0131\u015fmalardan memnuniyet duydu\u011funu belirten G\u00fczelhisar Mahallesi Muhtar\u0131 Mustafa Benli, &#8220;Mahalle sakinlerimizin iste\u011fi \u00fczerine B\u00fcy\u00fck\u015fehir Belediyesi Park ve Bah\u00e7eler Dairesi Ba\u015fkanl\u0131\u011f\u0131\u2019na ula\u015ft\u0131k, ivedi bir \u015fekilde de \u00e7al\u0131\u015fmalar ba\u015flad\u0131. B\u00fcy\u00fck\u015fehir Belediye Ba\u015fkan\u0131m\u0131z \u00d6zlem \u00c7er\u00e7io\u011flu\u2019na ve ekiplerimize te\u015fekk\u00fcr ederim&#8221; diye konu\u015ftu.<br \/>\n<br \/>Muhtar \u00d6z: B\u00fct\u00fcn taleplerimiz k\u0131sa s\u00fcre i\u00e7erisinde yerine getirildi<br \/>\n<br \/>Talep ettikleri t\u00fcm \u00e7al\u0131\u015fmalar\u0131n k\u0131sa s\u00fcrede yerine getirildi\u011fini belirten Yedi Eyl\u00fcl Mahallesi Muhtar\u0131 \u00d6zlem \u00d6z, &#8220;Mahallemizde vatanda\u015flar\u0131m\u0131zdan gelen talepler do\u011frultusunda B\u00fcy\u00fck\u015fehir Belediyesi Park ve Bah\u00e7eler Dairesi Ba\u015fkanl\u0131\u011f\u0131\u2019na taleplerimizi ilettik, k\u0131sa s\u00fcre i\u00e7erisinde de \u00e7al\u0131\u015fmalar ger\u00e7ekle\u015ftirildi, b\u00fct\u00fcn taleplerimiz kar\u015f\u0131land\u0131. T\u00fcm ekiplere ve \u00d6zlem Ba\u015fkan\u0131m\u0131za te\u015fekk\u00fcr ederiz&#8221; dedi.<br \/>\n<br \/>\u00c7al\u0131\u015fmalar nedeniyle mahalle halk\u0131 ad\u0131na Ba\u015fkan \u00c7er\u00e7io\u011flu\u2019na te\u015fekk\u00fcr eden Kemer Mahallesi Muhtar\u0131 H\u00fcseyin \u0130ncitme, &#8220;Ayd\u0131n B\u00fcy\u00fck\u015fehir Belediyemize, \u00d6zlem Ba\u015fkan\u0131m\u0131za, Park ve Bah\u00e7eler Dairesi Ba\u015fkanl\u0131\u011f\u0131 ekiplerimize \u00e7ok te\u015fekk\u00fcr ederim. K\u0131sa zaman i\u00e7erisinde mahallemizin bir\u00e7ok noktas\u0131nda \u00e7al\u0131\u015fmalar ger\u00e7ekle\u015ftirildi, mahalle halk\u0131m\u0131z da \u00e7al\u0131\u015fmalardan memnuniyet duydu, te\u015fekk\u00fcr ettiler. \u015eu anda da mahallemizde \u00e7al\u0131\u015fmalar s\u00fcr\u00fcyor; \u00d6zlem Ba\u015fkan\u0131m\u0131za \u00e7al\u0131\u015fmalar\u0131nda ba\u015far\u0131lar diliyorum, yap\u0131lan ve yap\u0131lacak \u00e7al\u0131\u015fmalardan dolay\u0131 te\u015fekk\u00fcr ediyorum. Allah raz\u0131 olsun&#8221;  ifadelerini kulland\u0131.<br \/><\/p>\n","protected":false},"excerpt":{"rendered":"<p>Ayd\u0131n B\u00fcy\u00fck\u015fehir Belediye Ba\u015fkan\u0131 \u00d6zlem \u00c7er\u00e7io\u011flu\u2019nun \u00f6nc\u00fcl\u00fc\u011f\u00fcnde kentin d\u00f6rt bir yan\u0131nda hayata ge\u00e7irilen \u00e7al\u0131\u015fmalar devam ediyor. B\u00fcy\u00fck\u015fehir Belediyesi Park ve Bah\u00e7eler Dairesi Ba\u015fkanl\u0131\u011f\u0131 ekipleri, Ayd\u0131n\u2019\u0131n t\u00fcm il\u00e7elerinde oldu\u011fu gibi Efeler\u2019de de e\u015f zamanl\u0131 olarak y\u00fcr\u00fctt\u00fckleri \u00e7al\u0131\u015fmalarla ye\u015fil alanlar\u0131 daha d\u00fczenli, g\u00fcvenli ve sa\u011fl\u0131kl\u0131 bir g\u00f6r\u00fcn\u00fcme kavu\u015fturuyor. Park ve Bah\u00e7eler Dairesi Ba\u015fkanl\u0131\u011f\u0131 taraf\u0131ndan planl\u0131 \u015fekilde s\u00fcrd\u00fcr\u00fclen&#8230;<\/p>\n","protected":false},"author":1,"featured_media":85866,"comment_status":"open","ping_status":"open","sticky":false,"template":"","format":"standard","meta":{"_crdt_document":"","footnotes":""},"categories":[1],"tags":[],"class_list":["post-85865","post","type-post","status-publish","format-standard","has-post-thumbnail","hentry","category-guncel"],"_links":{"self":[{"href":"https:\/\/www.egemtv.com\/index.php?rest_route=\/wp\/v2\/posts\/85865","targetHints":{"allow":["GET"]}}],"collection":[{"href":"https:\/\/www.egemtv.com\/index.php?rest_route=\/wp\/v2\/posts"}],"about":[{"href":"https:\/\/www.egemtv.com\/index.php?rest_route=\/wp\/v2\/types\/post"}],"author":[{"embeddable":true,"href":"https:\/\/www.egemtv.com\/index.php?rest_route=\/wp\/v2\/users\/1"}],"replies":[{"embeddable":true,"href":"https:\/\/www.egemtv.com\/index.php?rest_route=%2Fwp%2Fv2%2Fcomments&post=85865"}],"version-history":[{"count":1,"href":"https:\/\/www.egemtv.com\/index.php?rest_route=\/wp\/v2\/posts\/85865\/revisions"}],"predecessor-version":[{"id":85867,"href":"https:\/\/www.egemtv.com\/index.php?rest_route=\/wp\/v2\/posts\/85865\/revisions\/85867"}],"wp:featuredmedia":[{"embeddable":true,"href":"https:\/\/www.egemtv.com\/index.php?rest_route=\/wp\/v2\/media\/85866"}],"wp:attachment":[{"href":"https:\/\/www.egemtv.com\/index.php?rest_route=%2Fwp%2Fv2%2Fmedia&parent=85865"}],"wp:term":[{"taxonomy":"category","embeddable":true,"href":"https:\/\/www.egemtv.com\/index.php?rest_route=%2Fwp%2Fv2%2Fcategories&post=85865"},{"taxonomy":"post_tag","embeddable":true,"href":"https:\/\/www.egemtv.com\/index.php?rest_route=%2Fwp%2Fv2%2Ftags&post=85865"}],"curies":[{"name":"wp","href":"https:\/\/api.w.org\/{rel}","templated":true}]}}