{"id":85862,"date":"2026-02-06T15:14:54","date_gmt":"2026-02-06T12:14:54","guid":{"rendered":"https:\/\/www.egemtv.com\/?p=85862"},"modified":"2026-02-06T15:14:56","modified_gmt":"2026-02-06T12:14:56","slug":"koycegiz-golu-tasti-kordon-sular-altinda-kaldi","status":"publish","type":"post","link":"https:\/\/www.egemtv.com\/?p=85862","title":{"rendered":"K\u00f6yce\u011fiz G\u00f6l\u00fc ta\u015ft\u0131, kordon sular alt\u0131nda kald\u0131"},"content":{"rendered":"<p>Mu\u011fla\u2019n\u0131n K\u00f6yce\u011fiz il\u00e7esinde etkili olan sa\u011fanak ya\u011f\u0131\u015flar sonras\u0131nda su seviyesi y\u00fckselen K\u00f6yce\u011fiz G\u00f6l\u00fc ta\u015ft\u0131, kordon sular alt\u0131nda kald\u0131.<\/p>\n<p>Mu\u011fla genelinde oldu\u011fu gibi K\u00f6yce\u011fiz il\u00e7esinde de sa\u011fanak ya\u011f\u0131\u015f etkili oldu. Ya\u015fanan yo\u011fun ya\u011f\u0131\u015flar\u0131n ard\u0131ndan debisi y\u00fckselen dereler, K\u00f6yce\u011fiz G\u00f6l\u00fc\u2019ne su ta\u015f\u0131d\u0131. Su seviyesi y\u00fckselen K\u00f6yce\u011fiz G\u00f6l\u00fc\u2019nde ise ta\u015fma meydana geldi. G\u00f6lden ta\u015fan sular kordon boyunca yay\u0131l\u0131rken, kordon ve \u00e7evresi sular alt\u0131nda kald\u0131. Dalgalarla birlikte ta\u015fan sular yakla\u015f\u0131k 10 metre i\u00e7eriye girmesiyle kordonda bulunan baz\u0131 i\u015fletmeler de su bask\u0131n\u0131 ya\u015fand\u0131. Yetkililer, b\u00f6lgede ya\u011f\u0131\u015flar\u0131n devam etmesi ihtimaline kar\u015f\u0131 vatanda\u015flar\u0131 dikkatli olmalar\u0131 konusunda uyar\u0131larda bulundu.<br \/><\/p>\n","protected":false},"excerpt":{"rendered":"<p>Mu\u011fla\u2019n\u0131n K\u00f6yce\u011fiz il\u00e7esinde etkili olan sa\u011fanak ya\u011f\u0131\u015flar sonras\u0131nda su seviyesi y\u00fckselen K\u00f6yce\u011fiz G\u00f6l\u00fc ta\u015ft\u0131, kordon sular alt\u0131nda kald\u0131. Mu\u011fla genelinde oldu\u011fu gibi K\u00f6yce\u011fiz il\u00e7esinde de sa\u011fanak ya\u011f\u0131\u015f etkili oldu. Ya\u015fanan yo\u011fun ya\u011f\u0131\u015flar\u0131n ard\u0131ndan debisi y\u00fckselen dereler, K\u00f6yce\u011fiz G\u00f6l\u00fc\u2019ne su ta\u015f\u0131d\u0131. Su seviyesi y\u00fckselen K\u00f6yce\u011fiz G\u00f6l\u00fc\u2019nde ise ta\u015fma meydana geldi. G\u00f6lden ta\u015fan sular kordon boyunca yay\u0131l\u0131rken,&#8230;<\/p>\n","protected":false},"author":1,"featured_media":85863,"comment_status":"open","ping_status":"open","sticky":false,"template":"","format":"standard","meta":{"_crdt_document":"","footnotes":""},"categories":[1],"tags":[],"class_list":["post-85862","post","type-post","status-publish","format-standard","has-post-thumbnail","hentry","category-guncel"],"_links":{"self":[{"href":"https:\/\/www.egemtv.com\/index.php?rest_route=\/wp\/v2\/posts\/85862","targetHints":{"allow":["GET"]}}],"collection":[{"href":"https:\/\/www.egemtv.com\/index.php?rest_route=\/wp\/v2\/posts"}],"about":[{"href":"https:\/\/www.egemtv.com\/index.php?rest_route=\/wp\/v2\/types\/post"}],"author":[{"embeddable":true,"href":"https:\/\/www.egemtv.com\/index.php?rest_route=\/wp\/v2\/users\/1"}],"replies":[{"embeddable":true,"href":"https:\/\/www.egemtv.com\/index.php?rest_route=%2Fwp%2Fv2%2Fcomments&post=85862"}],"version-history":[{"count":1,"href":"https:\/\/www.egemtv.com\/index.php?rest_route=\/wp\/v2\/posts\/85862\/revisions"}],"predecessor-version":[{"id":85864,"href":"https:\/\/www.egemtv.com\/index.php?rest_route=\/wp\/v2\/posts\/85862\/revisions\/85864"}],"wp:featuredmedia":[{"embeddable":true,"href":"https:\/\/www.egemtv.com\/index.php?rest_route=\/wp\/v2\/media\/85863"}],"wp:attachment":[{"href":"https:\/\/www.egemtv.com\/index.php?rest_route=%2Fwp%2Fv2%2Fmedia&parent=85862"}],"wp:term":[{"taxonomy":"category","embeddable":true,"href":"https:\/\/www.egemtv.com\/index.php?rest_route=%2Fwp%2Fv2%2Fcategories&post=85862"},{"taxonomy":"post_tag","embeddable":true,"href":"https:\/\/www.egemtv.com\/index.php?rest_route=%2Fwp%2Fv2%2Ftags&post=85862"}],"curies":[{"name":"wp","href":"https:\/\/api.w.org\/{rel}","templated":true}]}}