{"id":85859,"date":"2026-02-06T15:14:52","date_gmt":"2026-02-06T12:14:52","guid":{"rendered":"https:\/\/www.egemtv.com\/?p=85859"},"modified":"2026-02-06T15:14:54","modified_gmt":"2026-02-06T12:14:54","slug":"nazillide-feto-hukumlusu-yakalandi","status":"publish","type":"post","link":"https:\/\/www.egemtv.com\/?p=85859","title":{"rendered":"Nazilli\u2019de FET\u00d6 h\u00fck\u00fcml\u00fcs\u00fc yakaland\u0131"},"content":{"rendered":"<p>Ayd\u0131n\u2019\u0131n Nazilli il\u00e7esinde FET\u00d6\/PDY ter\u00f6r \u00f6rg\u00fct\u00fcne \u00fcye olmak su\u00e7undan aranan ve hakk\u0131nda 7 y\u0131l hapis cezas\u0131 bulunan h\u00fck\u00fcml\u00fc jandarma ekipleri taraf\u0131ndan yakaland\u0131.<\/p>\n<p>Ayd\u0131n \u0130l Jandarma Komutanl\u0131\u011f\u0131 TEM \u015eube M\u00fcd\u00fcrl\u00fc\u011f\u00fc ve Nazilli \u0130l\u00e7e Jandarma Komutanl\u0131\u011f\u0131 ekiplerince, aranan \u015fah\u0131slar\u0131n yakalanmas\u0131na y\u00f6nelik \u00e7al\u0131\u015fmalar devam ediyor. Yap\u0131lan \u00e7al\u0131\u015fmalar kapsam\u0131nda 6 \u015eubat 2026 g\u00fcn\u00fc Nazilli il\u00e7esinde, silahl\u0131 ter\u00f6r \u00f6rg\u00fct\u00fcne \u00fcye olmak su\u00e7undan aranan ve hakk\u0131nda 7 y\u0131l 1 ay kesinle\u015fmi\u015f hapis cezas\u0131 bulunan S.\u00c7. (38) yakalanarak g\u00f6zalt\u0131na al\u0131nd\u0131. H\u00fck\u00fcml\u00fc \u015fah\u0131s, jandarmadaki i\u015flemlerinin tamamlanmas\u0131n\u0131n ard\u0131ndan \u00e7\u0131kar\u0131ld\u0131\u011f\u0131 adli makamlarca tutuklanarak Kapal\u0131 Ceza \u0130nfaz Kurumu\u2019na teslim edildi.<br \/><\/p>\n","protected":false},"excerpt":{"rendered":"<p>Ayd\u0131n\u2019\u0131n Nazilli il\u00e7esinde FET\u00d6\/PDY ter\u00f6r \u00f6rg\u00fct\u00fcne \u00fcye olmak su\u00e7undan aranan ve hakk\u0131nda 7 y\u0131l hapis cezas\u0131 bulunan h\u00fck\u00fcml\u00fc jandarma ekipleri taraf\u0131ndan yakaland\u0131. Ayd\u0131n \u0130l Jandarma Komutanl\u0131\u011f\u0131 TEM \u015eube M\u00fcd\u00fcrl\u00fc\u011f\u00fc ve Nazilli \u0130l\u00e7e Jandarma Komutanl\u0131\u011f\u0131 ekiplerince, aranan \u015fah\u0131slar\u0131n yakalanmas\u0131na y\u00f6nelik \u00e7al\u0131\u015fmalar devam ediyor. Yap\u0131lan \u00e7al\u0131\u015fmalar kapsam\u0131nda 6 \u015eubat 2026 g\u00fcn\u00fc Nazilli il\u00e7esinde, silahl\u0131 ter\u00f6r \u00f6rg\u00fct\u00fcne \u00fcye&#8230;<\/p>\n","protected":false},"author":1,"featured_media":85860,"comment_status":"open","ping_status":"open","sticky":false,"template":"","format":"standard","meta":{"_crdt_document":"","footnotes":""},"categories":[5],"tags":[],"class_list":["post-85859","post","type-post","status-publish","format-standard","has-post-thumbnail","hentry","category-asayis"],"_links":{"self":[{"href":"https:\/\/www.egemtv.com\/index.php?rest_route=\/wp\/v2\/posts\/85859","targetHints":{"allow":["GET"]}}],"collection":[{"href":"https:\/\/www.egemtv.com\/index.php?rest_route=\/wp\/v2\/posts"}],"about":[{"href":"https:\/\/www.egemtv.com\/index.php?rest_route=\/wp\/v2\/types\/post"}],"author":[{"embeddable":true,"href":"https:\/\/www.egemtv.com\/index.php?rest_route=\/wp\/v2\/users\/1"}],"replies":[{"embeddable":true,"href":"https:\/\/www.egemtv.com\/index.php?rest_route=%2Fwp%2Fv2%2Fcomments&post=85859"}],"version-history":[{"count":1,"href":"https:\/\/www.egemtv.com\/index.php?rest_route=\/wp\/v2\/posts\/85859\/revisions"}],"predecessor-version":[{"id":85861,"href":"https:\/\/www.egemtv.com\/index.php?rest_route=\/wp\/v2\/posts\/85859\/revisions\/85861"}],"wp:featuredmedia":[{"embeddable":true,"href":"https:\/\/www.egemtv.com\/index.php?rest_route=\/wp\/v2\/media\/85860"}],"wp:attachment":[{"href":"https:\/\/www.egemtv.com\/index.php?rest_route=%2Fwp%2Fv2%2Fmedia&parent=85859"}],"wp:term":[{"taxonomy":"category","embeddable":true,"href":"https:\/\/www.egemtv.com\/index.php?rest_route=%2Fwp%2Fv2%2Fcategories&post=85859"},{"taxonomy":"post_tag","embeddable":true,"href":"https:\/\/www.egemtv.com\/index.php?rest_route=%2Fwp%2Fv2%2Ftags&post=85859"}],"curies":[{"name":"wp","href":"https:\/\/api.w.org\/{rel}","templated":true}]}}