{"id":85856,"date":"2026-02-06T14:35:00","date_gmt":"2026-02-06T11:35:00","guid":{"rendered":"https:\/\/www.egemtv.com\/?p=85856"},"modified":"2026-02-06T14:35:01","modified_gmt":"2026-02-06T11:35:01","slug":"izmirde-su-dolu-alt-gecitte-hayatini-kaybeden-surucu-son-yolculuguna-ugurlandi","status":"publish","type":"post","link":"https:\/\/www.egemtv.com\/?p=85856","title":{"rendered":"\u0130zmir\u2019de su dolu alt ge\u00e7itte hayat\u0131n\u0131 kaybeden s\u00fcr\u00fcc\u00fc son yolculu\u011funa u\u011furland\u0131"},"content":{"rendered":"<p>\u0130zmir\u2019in Torbal\u0131 il\u00e7esinde sa\u011fanak ya\u011f\u0131\u015f nedeniyle suyla dolan alt ge\u00e7itte mahsur kalarak hayat\u0131n\u0131 kaybeden s\u00fcr\u00fcc\u00fc, Buca il\u00e7esinde topra\u011fa verildi. Hidrolik ustas\u0131 oldu\u011fu \u00f6\u011frenilen s\u00fcr\u00fcc\u00fcn\u00fcn, i\u015f \u00e7\u0131k\u0131\u015f\u0131 yo\u011fun ya\u011f\u0131\u015fta trafi\u011fe girmemek i\u00e7in hobi bah\u00e7esine gitmek isterken ya\u015fam\u0131n\u0131 yitirdi\u011fi \u00f6\u011frenildi.<br \/>\n<br \/>Olay, d\u00fcn ak\u015fam saatlerinde Torbal\u0131 il\u00e7esi Pancar Mahallesi\u2019nde bulunan \u0130ZBAN alt ge\u00e7idinde meydana geldi. Edinilen bilgiye g\u00f6re, Buca il\u00e7esinde ikamet eden ve hidrolik ustas\u0131 oldu\u011fu \u00f6\u011frenilen Mehmet Ekinci (58), Suba\u015f\u0131 Mahallesi\u2019ndeki bir fabrikaya motor tamiri i\u00e7in gitti. \u0130\u015fini tamamlayan 3 \u00e7ocuk babas\u0131 Ekinci, sa\u011fanak ya\u011f\u0131\u015f\u0131n etkisini art\u0131rmas\u0131 \u00fczerine trafi\u011fe girmemek i\u00e7in geceyi Pancar Mahallesi\u2019ndeki hobi bah\u00e7esinde ge\u00e7irmeye karar verdi. Hobi bah\u00e7esine gitmek \u00fczere 45 E 3077 plakal\u0131 arac\u0131yla yola \u00e7\u0131kan Ekinci, suyla dolan alt ge\u00e7itten ge\u00e7mek istedi\u011fi s\u0131rada mahsur kald\u0131. Sular\u0131n y\u00fckselmesiyle ara\u00e7 bulundu\u011fu yerde sulara g\u00f6m\u00fcld\u00fc. \u0130hbar \u00fczerine b\u00f6lgeye sevk edilen itfaiye ekiplerinin \u00e7al\u0131\u015fmas\u0131 sonucu ara\u00e7 bulundu\u011fu yerden \u00e7\u0131kar\u0131ld\u0131. Sa\u011fl\u0131k ekiplerince yap\u0131lan kontrollerde, s\u00fcr\u00fcc\u00fc Mehmet Ekinci\u2019nin ara\u00e7 i\u00e7erisinde hayat\u0131n\u0131 kaybetti\u011fi belirlendi. Ekinci\u2019nin cans\u0131z bedeni, \u0130zmir Adli T\u0131p Kurumu morgundaki i\u015flemlerinin ard\u0131ndan yak\u0131nlar\u0131 taraf\u0131ndan teslim al\u0131nd\u0131. Cenaze, Buca il\u00e7esindeki Zikirtepe Camii\u2019ne getirildi. Mehmet Ekinci\u2019nin naa\u015f\u0131, burada \u00f6\u011fle namaz\u0131n\u0131 m\u00fcteakip k\u0131l\u0131nan cenaze namaz\u0131n\u0131n ard\u0131ndan Kaynaklar Mezarl\u0131\u011f\u0131\u2019nda defnedildi.<br \/><\/p>\n","protected":false},"excerpt":{"rendered":"<p>\u0130zmir\u2019in Torbal\u0131 il\u00e7esinde sa\u011fanak ya\u011f\u0131\u015f nedeniyle suyla dolan alt ge\u00e7itte mahsur kalarak hayat\u0131n\u0131 kaybeden s\u00fcr\u00fcc\u00fc, Buca il\u00e7esinde topra\u011fa verildi. Hidrolik ustas\u0131 oldu\u011fu \u00f6\u011frenilen s\u00fcr\u00fcc\u00fcn\u00fcn, i\u015f \u00e7\u0131k\u0131\u015f\u0131 yo\u011fun ya\u011f\u0131\u015fta trafi\u011fe girmemek i\u00e7in hobi bah\u00e7esine gitmek isterken ya\u015fam\u0131n\u0131 yitirdi\u011fi \u00f6\u011frenildi. Olay, d\u00fcn ak\u015fam saatlerinde Torbal\u0131 il\u00e7esi Pancar Mahallesi\u2019nde bulunan \u0130ZBAN alt ge\u00e7idinde meydana geldi. Edinilen bilgiye g\u00f6re,&#8230;<\/p>\n","protected":false},"author":1,"featured_media":85857,"comment_status":"open","ping_status":"open","sticky":false,"template":"","format":"standard","meta":{"_crdt_document":"","footnotes":""},"categories":[5],"tags":[],"class_list":["post-85856","post","type-post","status-publish","format-standard","has-post-thumbnail","hentry","category-asayis"],"_links":{"self":[{"href":"https:\/\/www.egemtv.com\/index.php?rest_route=\/wp\/v2\/posts\/85856","targetHints":{"allow":["GET"]}}],"collection":[{"href":"https:\/\/www.egemtv.com\/index.php?rest_route=\/wp\/v2\/posts"}],"about":[{"href":"https:\/\/www.egemtv.com\/index.php?rest_route=\/wp\/v2\/types\/post"}],"author":[{"embeddable":true,"href":"https:\/\/www.egemtv.com\/index.php?rest_route=\/wp\/v2\/users\/1"}],"replies":[{"embeddable":true,"href":"https:\/\/www.egemtv.com\/index.php?rest_route=%2Fwp%2Fv2%2Fcomments&post=85856"}],"version-history":[{"count":1,"href":"https:\/\/www.egemtv.com\/index.php?rest_route=\/wp\/v2\/posts\/85856\/revisions"}],"predecessor-version":[{"id":85858,"href":"https:\/\/www.egemtv.com\/index.php?rest_route=\/wp\/v2\/posts\/85856\/revisions\/85858"}],"wp:featuredmedia":[{"embeddable":true,"href":"https:\/\/www.egemtv.com\/index.php?rest_route=\/wp\/v2\/media\/85857"}],"wp:attachment":[{"href":"https:\/\/www.egemtv.com\/index.php?rest_route=%2Fwp%2Fv2%2Fmedia&parent=85856"}],"wp:term":[{"taxonomy":"category","embeddable":true,"href":"https:\/\/www.egemtv.com\/index.php?rest_route=%2Fwp%2Fv2%2Fcategories&post=85856"},{"taxonomy":"post_tag","embeddable":true,"href":"https:\/\/www.egemtv.com\/index.php?rest_route=%2Fwp%2Fv2%2Ftags&post=85856"}],"curies":[{"name":"wp","href":"https:\/\/api.w.org\/{rel}","templated":true}]}}