{"id":85850,"date":"2026-02-06T14:15:56","date_gmt":"2026-02-06T11:15:56","guid":{"rendered":"https:\/\/www.egemtv.com\/?p=85850"},"modified":"2026-02-06T14:15:57","modified_gmt":"2026-02-06T11:15:57","slug":"didimde-fuhus-operasyonu-2-gozalti","status":"publish","type":"post","link":"https:\/\/www.egemtv.com\/?p=85850","title":{"rendered":"Didim\u2019de fuhu\u015f operasyonu: 2 g\u00f6zalt\u0131"},"content":{"rendered":"<p>Ayd\u0131n\u2019\u0131n Didim il\u00e7esinde jandarma ekiplerince d\u00fczenlenen fuhu\u015f operasyonunda 2 \u015f\u00fcpheli yakaland\u0131.<\/p>\n<p>Ayd\u0131n \u0130l Jandarma Komutanl\u0131\u011f\u0131 Didim \u0130l\u00e7e Jandarma Komutanl\u0131\u011f\u0131 ekiplerince y\u00fcr\u00fct\u00fclen \u00e7al\u0131\u015fmalar kapsam\u0131nda \u2019fuhu\u015fa te\u015fvik su\u00e7u\u2019 \u00e7er\u00e7evesinde 2 \u015f\u00fcpheliye y\u00f6nelik operasyon ger\u00e7ekle\u015ftirildi. Edinilen bilgiye g\u00f6re, M.N.K. (35) ve S.A. (57) isimli 2 \u015f\u00fcpheli \u2019fuhu\u015fa te\u015fvik su\u00e7u\u2019ndan takibe al\u0131nd\u0131. Yap\u0131lan \u00e7al\u0131\u015fmalar sonunda \u015f\u00fcphelilerin adreslerine bask\u0131n d\u00fczenlendi. Yakalanarak g\u00f6zalt\u0131na al\u0131nan 2 \u015f\u00fcpheli, gerekli i\u015flemlerinin ard\u0131ndan adliyeye sevk edildi. \u015e\u00fcpheli \u015fah\u0131slar, \u00e7\u0131kar\u0131ld\u0131klar\u0131 adli makamlarca adli kontrol \u015fart\u0131yla serbest b\u0131rak\u0131ld\u0131. Konu ile ilgili Ayd\u0131n \u0130l Jandarma Komutanl\u0131\u011f\u0131\u2019ndan yap\u0131lan a\u00e7\u0131klamada &#8220;Kamu d\u00fczeninin sa\u011flanmas\u0131 ve su\u00e7la m\u00fccadele kapsam\u0131nda \u00e7al\u0131\u015fmalar\u0131m\u0131z kararl\u0131l\u0131kla s\u00fcrd\u00fcr\u00fclmektedir&#8221; ifadeleri yer ald\u0131.<br \/><\/p>\n","protected":false},"excerpt":{"rendered":"<p>Ayd\u0131n\u2019\u0131n Didim il\u00e7esinde jandarma ekiplerince d\u00fczenlenen fuhu\u015f operasyonunda 2 \u015f\u00fcpheli yakaland\u0131. Ayd\u0131n \u0130l Jandarma Komutanl\u0131\u011f\u0131 Didim \u0130l\u00e7e Jandarma Komutanl\u0131\u011f\u0131 ekiplerince y\u00fcr\u00fct\u00fclen \u00e7al\u0131\u015fmalar kapsam\u0131nda \u2019fuhu\u015fa te\u015fvik su\u00e7u\u2019 \u00e7er\u00e7evesinde 2 \u015f\u00fcpheliye y\u00f6nelik operasyon ger\u00e7ekle\u015ftirildi. Edinilen bilgiye g\u00f6re, M.N.K. (35) ve S.A. (57) isimli 2 \u015f\u00fcpheli \u2019fuhu\u015fa te\u015fvik su\u00e7u\u2019ndan takibe al\u0131nd\u0131. Yap\u0131lan \u00e7al\u0131\u015fmalar sonunda \u015f\u00fcphelilerin adreslerine bask\u0131n d\u00fczenlendi&#8230;.<\/p>\n","protected":false},"author":1,"featured_media":85851,"comment_status":"open","ping_status":"open","sticky":false,"template":"","format":"standard","meta":{"_crdt_document":"","footnotes":""},"categories":[5],"tags":[],"class_list":["post-85850","post","type-post","status-publish","format-standard","has-post-thumbnail","hentry","category-asayis"],"_links":{"self":[{"href":"https:\/\/www.egemtv.com\/index.php?rest_route=\/wp\/v2\/posts\/85850","targetHints":{"allow":["GET"]}}],"collection":[{"href":"https:\/\/www.egemtv.com\/index.php?rest_route=\/wp\/v2\/posts"}],"about":[{"href":"https:\/\/www.egemtv.com\/index.php?rest_route=\/wp\/v2\/types\/post"}],"author":[{"embeddable":true,"href":"https:\/\/www.egemtv.com\/index.php?rest_route=\/wp\/v2\/users\/1"}],"replies":[{"embeddable":true,"href":"https:\/\/www.egemtv.com\/index.php?rest_route=%2Fwp%2Fv2%2Fcomments&post=85850"}],"version-history":[{"count":1,"href":"https:\/\/www.egemtv.com\/index.php?rest_route=\/wp\/v2\/posts\/85850\/revisions"}],"predecessor-version":[{"id":85852,"href":"https:\/\/www.egemtv.com\/index.php?rest_route=\/wp\/v2\/posts\/85850\/revisions\/85852"}],"wp:featuredmedia":[{"embeddable":true,"href":"https:\/\/www.egemtv.com\/index.php?rest_route=\/wp\/v2\/media\/85851"}],"wp:attachment":[{"href":"https:\/\/www.egemtv.com\/index.php?rest_route=%2Fwp%2Fv2%2Fmedia&parent=85850"}],"wp:term":[{"taxonomy":"category","embeddable":true,"href":"https:\/\/www.egemtv.com\/index.php?rest_route=%2Fwp%2Fv2%2Fcategories&post=85850"},{"taxonomy":"post_tag","embeddable":true,"href":"https:\/\/www.egemtv.com\/index.php?rest_route=%2Fwp%2Fv2%2Ftags&post=85850"}],"curies":[{"name":"wp","href":"https:\/\/api.w.org\/{rel}","templated":true}]}}