{"id":85847,"date":"2026-02-06T13:54:51","date_gmt":"2026-02-06T10:54:51","guid":{"rendered":"https:\/\/www.egemtv.com\/?p=85847"},"modified":"2026-02-06T13:54:51","modified_gmt":"2026-02-06T10:54:51","slug":"emette-kuran-kursu-ogreticilerine-basari-belgesi-verildi","status":"publish","type":"post","link":"https:\/\/www.egemtv.com\/?p=85847","title":{"rendered":"Emet\u2019te Kur\u2019an kursu \u00f6\u011freticilerine ba\u015far\u0131 belgesi verildi"},"content":{"rendered":"<p>Emet \u0130l\u00e7e M\u00fcft\u00fcl\u00fc\u011f\u00fc taraf\u0131ndan g\u00f6revlerinde \u00fcst\u00fcn gayret ve ba\u015far\u0131 g\u00f6steren Kur\u2019an kursu \u00f6\u011freticilerine ba\u015far\u0131 belgeleri takdim edildi.<br \/>\n<br \/>\u0130l\u00e7e M\u00fcft\u00fcl\u00fc\u011f\u00fc b\u00fcnyesinde \u00f6zverili \u00e7al\u0131\u015fmalar\u0131, e\u011fitim faaliyetlerindeki gayretleri ve hizmet anlay\u0131\u015flar\u0131yla \u00f6ne \u00e7\u0131kan Kur\u2019an kursu \u00f6\u011freticileri S\u00fcnd\u00fcz Tezcan, Hacer Cengiz ve S\u0131d\u0131ka Ayd\u0131n d\u00fczenlenen programda \u00f6d\u00fcllendirildi. Ba\u015far\u0131 belgeleri, Emet \u0130l\u00e7e M\u00fcft\u00fcs\u00fc \u0130smail \u00c7\u0131nar taraf\u0131ndan takdim edildi.<br \/>\n<br \/>Programda konu\u015fan \u0130l\u00e7e M\u00fcft\u00fcs\u00fc \u0130smail \u00c7\u0131nar, Kur\u2019an kurslar\u0131n\u0131n toplumun manevi hayat\u0131ndaki \u00f6nemine dikkat \u00e7ekerek, \u00f6\u011freticilerin fedak\u00e2rca y\u00fcr\u00fctt\u00fckleri hizmetlerin her t\u00fcrl\u00fc takdiri hak etti\u011fini ifade etti. \u00c7\u0131nar, emek ve gayretlerinden dolay\u0131 t\u00fcm Kur\u2019an kursu \u00f6\u011freticilerine te\u015fekk\u00fcr ederek, ba\u015far\u0131lar\u0131n\u0131n devam\u0131n\u0131 diledi.<br \/><\/p>\n","protected":false},"excerpt":{"rendered":"<p>Emet \u0130l\u00e7e M\u00fcft\u00fcl\u00fc\u011f\u00fc taraf\u0131ndan g\u00f6revlerinde \u00fcst\u00fcn gayret ve ba\u015far\u0131 g\u00f6steren Kur\u2019an kursu \u00f6\u011freticilerine ba\u015far\u0131 belgeleri takdim edildi. \u0130l\u00e7e M\u00fcft\u00fcl\u00fc\u011f\u00fc b\u00fcnyesinde \u00f6zverili \u00e7al\u0131\u015fmalar\u0131, e\u011fitim faaliyetlerindeki gayretleri ve hizmet anlay\u0131\u015flar\u0131yla \u00f6ne \u00e7\u0131kan Kur\u2019an kursu \u00f6\u011freticileri S\u00fcnd\u00fcz Tezcan, Hacer Cengiz ve S\u0131d\u0131ka Ayd\u0131n d\u00fczenlenen programda \u00f6d\u00fcllendirildi. Ba\u015far\u0131 belgeleri, Emet \u0130l\u00e7e M\u00fcft\u00fcs\u00fc \u0130smail \u00c7\u0131nar taraf\u0131ndan takdim edildi. Programda konu\u015fan&#8230;<\/p>\n","protected":false},"author":1,"featured_media":85848,"comment_status":"open","ping_status":"open","sticky":false,"template":"","format":"standard","meta":{"_crdt_document":"","footnotes":""},"categories":[123],"tags":[],"class_list":["post-85847","post","type-post","status-publish","format-standard","has-post-thumbnail","hentry","category-gundem"],"_links":{"self":[{"href":"https:\/\/www.egemtv.com\/index.php?rest_route=\/wp\/v2\/posts\/85847","targetHints":{"allow":["GET"]}}],"collection":[{"href":"https:\/\/www.egemtv.com\/index.php?rest_route=\/wp\/v2\/posts"}],"about":[{"href":"https:\/\/www.egemtv.com\/index.php?rest_route=\/wp\/v2\/types\/post"}],"author":[{"embeddable":true,"href":"https:\/\/www.egemtv.com\/index.php?rest_route=\/wp\/v2\/users\/1"}],"replies":[{"embeddable":true,"href":"https:\/\/www.egemtv.com\/index.php?rest_route=%2Fwp%2Fv2%2Fcomments&post=85847"}],"version-history":[{"count":1,"href":"https:\/\/www.egemtv.com\/index.php?rest_route=\/wp\/v2\/posts\/85847\/revisions"}],"predecessor-version":[{"id":85849,"href":"https:\/\/www.egemtv.com\/index.php?rest_route=\/wp\/v2\/posts\/85847\/revisions\/85849"}],"wp:featuredmedia":[{"embeddable":true,"href":"https:\/\/www.egemtv.com\/index.php?rest_route=\/wp\/v2\/media\/85848"}],"wp:attachment":[{"href":"https:\/\/www.egemtv.com\/index.php?rest_route=%2Fwp%2Fv2%2Fmedia&parent=85847"}],"wp:term":[{"taxonomy":"category","embeddable":true,"href":"https:\/\/www.egemtv.com\/index.php?rest_route=%2Fwp%2Fv2%2Fcategories&post=85847"},{"taxonomy":"post_tag","embeddable":true,"href":"https:\/\/www.egemtv.com\/index.php?rest_route=%2Fwp%2Fv2%2Ftags&post=85847"}],"curies":[{"name":"wp","href":"https:\/\/api.w.org\/{rel}","templated":true}]}}