{"id":85844,"date":"2026-02-06T13:36:03","date_gmt":"2026-02-06T10:36:03","guid":{"rendered":"https:\/\/www.egemtv.com\/?p=85844"},"modified":"2026-02-06T13:36:03","modified_gmt":"2026-02-06T10:36:03","slug":"isyerine-su-basan-esnaf-datca-belediyesine-tepki-gosterdi","status":"publish","type":"post","link":"https:\/\/www.egemtv.com\/?p=85844","title":{"rendered":"\u0130\u015fyerine su basan esnaf Dat\u00e7a Belediyesi\u2019ne tepki g\u00f6sterdi"},"content":{"rendered":"<p>Mu\u011fla\u2019n\u0131n Dat\u00e7a il\u00e7esinde etkili olan ya\u011f\u0131\u015fla beraber derenin ta\u015fmas\u0131 sonucu i\u015fyeri sular alt\u0131nda kalan esnaf, Dat\u00e7a Belediyesi\u2019ne tepki g\u00f6stererek &#8220;Bu dereye \u00e7\u00f6z\u00fcm bulmalar\u0131n\u0131 ka\u00e7 kez s\u00f6yledik&#8221; dedi.<\/p>\n<p>Mu\u011fla genelinde etkili olan sa\u011fanak ya\u011f\u0131\u015f hayat\u0131 olumsuz etkilerken bir\u00e7ok il\u00e7ede su bask\u0131nlar\u0131 meydana geldi. Dat\u00e7a il\u00e7esinde de etkili olan sa\u011fanak ya\u011f\u0131\u015f sonras\u0131nda bir\u00e7ok derede ta\u015fk\u0131nlar ya\u015fand\u0131. \u00d6zellikle il\u00e7e merkezinde baz\u0131 b\u00f6lgelerde ya\u011fmur suyunun tahliye edilememesi nedeniyle su seviyesi y\u00fckseldi. Baz\u0131 i\u015f yerlerinde su bask\u0131nlar\u0131 meydana geldi. D\u00fckkanlar\u0131na dolan suyla kar\u015f\u0131la\u015fan esnaf, kendi imkanlar\u0131yla suyu tahliye etmeye \u00e7al\u0131\u015f\u0131rken, Mu\u011fla B\u00fcy\u00fck\u015fehir Belediyesi\u2019ne ba\u011fl\u0131 itfaiye ekipleri vatanda\u015flar\u0131n yard\u0131m\u0131na ko\u015farak sular\u0131n tahliyesini ger\u00e7ekle\u015ftirdi. D\u00fckkan\u0131 suyla dolan esnaflar, Dat\u00e7a Belediyesi\u2019ne tepki g\u00f6stererek &#8220;D\u00fckkan\u0131n i\u00e7ine su doldu. Gece boyunca suyu \u00e7\u0131karmaya \u00e7al\u0131\u015ft\u0131k. \u00dcr\u00fcnlerimiz zarar g\u00f6rd\u00fc. Ka\u00e7 kez s\u00f6yledik bu dereyi yap\u0131n diye. \u00d6n taraf arka taraf suyla doldu&#8221; dedi.<\/p>\n<p>Sa\u011fanak ya\u011f\u0131\u015f nedeniyle cadde ve sokaklarda olu\u015fan su birikintileri de vatanda\u015flara zor anlar ya\u015fatt\u0131. Yaya ge\u00e7i\u015flerinde g\u00fc\u00e7l\u00fck ya\u015fand\u0131, baz\u0131 ara\u00e7lar su birikintileri nedeniyle ilerlemekte zorlan\u0131rken, il\u00e7enin farkl\u0131 noktalar\u0131nda k\u0131sa s\u00fcreli ula\u015f\u0131m aksakl\u0131klar\u0131 meydana geldi. Ya\u011f\u0131\u015f\u0131n ard\u0131ndan bir\u00e7ok i\u015f yerinde temizlik \u00e7al\u0131\u015fmas\u0131 ba\u015flat\u0131ld\u0131. Esnaf, su bask\u0131n\u0131 nedeniyle maddi zarar olu\u015ftu\u011funu ifade etti.<br \/><\/p>\n","protected":false},"excerpt":{"rendered":"<p>Mu\u011fla\u2019n\u0131n Dat\u00e7a il\u00e7esinde etkili olan ya\u011f\u0131\u015fla beraber derenin ta\u015fmas\u0131 sonucu i\u015fyeri sular alt\u0131nda kalan esnaf, Dat\u00e7a Belediyesi\u2019ne tepki g\u00f6stererek &#8220;Bu dereye \u00e7\u00f6z\u00fcm bulmalar\u0131n\u0131 ka\u00e7 kez s\u00f6yledik&#8221; dedi. Mu\u011fla genelinde etkili olan sa\u011fanak ya\u011f\u0131\u015f hayat\u0131 olumsuz etkilerken bir\u00e7ok il\u00e7ede su bask\u0131nlar\u0131 meydana geldi. Dat\u00e7a il\u00e7esinde de etkili olan sa\u011fanak ya\u011f\u0131\u015f sonras\u0131nda bir\u00e7ok derede ta\u015fk\u0131nlar ya\u015fand\u0131. \u00d6zellikle&#8230;<\/p>\n","protected":false},"author":1,"featured_media":85845,"comment_status":"open","ping_status":"open","sticky":false,"template":"","format":"standard","meta":{"_crdt_document":"","footnotes":""},"categories":[1],"tags":[],"class_list":["post-85844","post","type-post","status-publish","format-standard","has-post-thumbnail","hentry","category-guncel"],"_links":{"self":[{"href":"https:\/\/www.egemtv.com\/index.php?rest_route=\/wp\/v2\/posts\/85844","targetHints":{"allow":["GET"]}}],"collection":[{"href":"https:\/\/www.egemtv.com\/index.php?rest_route=\/wp\/v2\/posts"}],"about":[{"href":"https:\/\/www.egemtv.com\/index.php?rest_route=\/wp\/v2\/types\/post"}],"author":[{"embeddable":true,"href":"https:\/\/www.egemtv.com\/index.php?rest_route=\/wp\/v2\/users\/1"}],"replies":[{"embeddable":true,"href":"https:\/\/www.egemtv.com\/index.php?rest_route=%2Fwp%2Fv2%2Fcomments&post=85844"}],"version-history":[{"count":1,"href":"https:\/\/www.egemtv.com\/index.php?rest_route=\/wp\/v2\/posts\/85844\/revisions"}],"predecessor-version":[{"id":85846,"href":"https:\/\/www.egemtv.com\/index.php?rest_route=\/wp\/v2\/posts\/85844\/revisions\/85846"}],"wp:featuredmedia":[{"embeddable":true,"href":"https:\/\/www.egemtv.com\/index.php?rest_route=\/wp\/v2\/media\/85845"}],"wp:attachment":[{"href":"https:\/\/www.egemtv.com\/index.php?rest_route=%2Fwp%2Fv2%2Fmedia&parent=85844"}],"wp:term":[{"taxonomy":"category","embeddable":true,"href":"https:\/\/www.egemtv.com\/index.php?rest_route=%2Fwp%2Fv2%2Fcategories&post=85844"},{"taxonomy":"post_tag","embeddable":true,"href":"https:\/\/www.egemtv.com\/index.php?rest_route=%2Fwp%2Fv2%2Ftags&post=85844"}],"curies":[{"name":"wp","href":"https:\/\/api.w.org\/{rel}","templated":true}]}}